{"id":25110,"date":"2021-10-11T21:45:21","date_gmt":"2021-10-11T19:45:21","guid":{"rendered":"http:\/\/info.sadowne.pl\/?p=25110"},"modified":"2021-10-11T21:46:56","modified_gmt":"2021-10-11T19:46:56","slug":"mazowiecka-liga-karate-2","status":"publish","type":"post","link":"https:\/\/info.sadowne.pl\/?p=25110","title":{"rendered":"Mazowiecka Liga Karate"},"content":{"rendered":"<p><strong><a href=\"http:\/\/info.sadowne.pl\/wp-content\/uploads\/2021\/10\/2021.10.11.1.jpg\" target=\"_blank\" rel=\"noopener\"><img loading=\"lazy\" decoding=\"async\" class=\"alignleft wp-image-25111 size-thumbnail\" src=\"http:\/\/info.sadowne.pl\/wp-content\/uploads\/2021\/10\/2021.10.11.1-180x130.jpg\" alt=\"\" width=\"180\" height=\"130\" \/><\/a>We wrze\u015bniu 2021 w G\u00f3rze Kalwarii odby\u0142a si\u0119 pierwsza po wakacyjnej przerwie Mazowiecka Liga Karate. Do domu wr\u00f3cili\u015bmy z br\u0105zem.\u00a0 <\/strong><!--more--><\/p>\n<p><a href=\"http:\/\/info.sadowne.pl\/wp-content\/uploads\/2021\/10\/2021.10.11.2.jpg\" target=\"_blank\" rel=\"noopener\"><img loading=\"lazy\" decoding=\"async\" class=\"alignright wp-image-25112 size-thumbnail\" src=\"http:\/\/info.sadowne.pl\/wp-content\/uploads\/2021\/10\/2021.10.11.2-180x130.jpg\" alt=\"\" width=\"180\" height=\"130\" \/><\/a>W lidze mog\u0105 startowa\u0107 kluby karate zrzeszone w Okr\u0119gowym zwi\u0105zku Karate Wojew\u00f3dztwa Mazowieckiego. Brokowski Klub Karate Kyokushinkai reprezentowa\u0142a Wiktoria Tararuj, na co dzie\u0144 trenuj\u0105ca w sekcji Sadowne.<\/p>\n<p><a href=\"http:\/\/info.sadowne.pl\/wp-content\/uploads\/2021\/10\/2021.10.11.3.jpg\" target=\"_blank\" rel=\"noopener\"><img loading=\"lazy\" decoding=\"async\" class=\"alignleft wp-image-25113 size-thumbnail\" src=\"http:\/\/info.sadowne.pl\/wp-content\/uploads\/2021\/10\/2021.10.11.3-180x130.jpg\" alt=\"\" width=\"180\" height=\"130\" \/><\/a>Wiktoria, wygrywaj\u0105c dwie walki eliminacyjne, dosta\u0142a si\u0119 do strefy medalowej. W trzecim starciu w tym dniu, po bardzo wyr\u00f3wnanym pojedynku do fina\u0142u przesz\u0142a rywalka Wiktorii, a tym samym nasza reprezentantka wywalczy\u0142a III miejsce.<\/p>\n<p><strong>Tekst\/foto:<\/strong> Zbigniew W\u00f3jcicki<\/p>\n","protected":false},"excerpt":{"rendered":"<p>We wrze\u015bniu 2021 w G\u00f3rze Kalwarii odby\u0142a si\u0119 pierwsza po wakacyjnej przerwie Mazowiecka Liga Karate. Do domu wr\u00f3cili\u015bmy z br\u0105zem.\u00a0<\/p>\n","protected":false},"author":1,"featured_media":0,"comment_status":"closed","ping_status":"closed","sticky":false,"template":"","format":"standard","meta":{"footnotes":""},"categories":[5,2029,7],"tags":[794,3526,3643,2030],"class_list":["post-25110","post","type-post","status-publish","format-standard","hentry","category-newsy","category-karate","category-sport","tag-brokowski-klub-karate-kyokushinkai","tag-mazowiecka-liga-karate","tag-wiktoria-tararuj","tag-zbigniew-wojcicki"],"views":2366,"_links":{"self":[{"href":"https:\/\/info.sadowne.pl\/index.php?rest_route=\/wp\/v2\/posts\/25110","targetHints":{"allow":["GET"]}}],"collection":[{"href":"https:\/\/info.sadowne.pl\/index.php?rest_route=\/wp\/v2\/posts"}],"about":[{"href":"https:\/\/info.sadowne.pl\/index.php?rest_route=\/wp\/v2\/types\/post"}],"author":[{"embeddable":true,"href":"https:\/\/info.sadowne.pl\/index.php?rest_route=\/wp\/v2\/users\/1"}],"replies":[{"embeddable":true,"href":"https:\/\/info.sadowne.pl\/index.php?rest_route=%2Fwp%2Fv2%2Fcomments&post=25110"}],"version-history":[{"count":3,"href":"https:\/\/info.sadowne.pl\/index.php?rest_route=\/wp\/v2\/posts\/25110\/revisions"}],"predecessor-version":[{"id":25116,"href":"https:\/\/info.sadowne.pl\/index.php?rest_route=\/wp\/v2\/posts\/25110\/revisions\/25116"}],"wp:attachment":[{"href":"https:\/\/info.sadowne.pl\/index.php?rest_route=%2Fwp%2Fv2%2Fmedia&parent=25110"}],"wp:term":[{"taxonomy":"category","embeddable":true,"href":"https:\/\/info.sadowne.pl\/index.php?rest_route=%2Fwp%2Fv2%2Fcategories&post=25110"},{"taxonomy":"post_tag","embeddable":true,"href":"https:\/\/info.sadowne.pl\/index.php?rest_route=%2Fwp%2Fv2%2Ftags&post=25110"}],"curies":[{"name":"wp","href":"https:\/\/api.w.org\/{rel}","templated":true}]}}