{"id":25120,"date":"2021-10-15T18:18:38","date_gmt":"2021-10-15T16:18:38","guid":{"rendered":"http:\/\/info.sadowne.pl\/?p=25120"},"modified":"2021-10-15T18:18:38","modified_gmt":"2021-10-15T16:18:38","slug":"o-porebie-na-lamach-archiwalnych-tygodnikow","status":"publish","type":"post","link":"https:\/\/info.sadowne.pl\/?p=25120","title":{"rendered":"O Por\u0119bie na \u0142amach archiwalnych tygodnik\u00f3w"},"content":{"rendered":"<p><strong><a href=\"http:\/\/info.sadowne.pl\/wp-content\/uploads\/2021\/10\/Brok59.jpg\" target=\"_blank\" rel=\"noopener\"><img loading=\"lazy\" decoding=\"async\" class=\"alignleft wp-image-25121 size-thumbnail\" src=\"http:\/\/info.sadowne.pl\/wp-content\/uploads\/2021\/10\/Brok59-180x130.jpg\" alt=\"\" width=\"180\" height=\"130\" \/><\/a>Dzisiaj o miejscowo\u015bci, kt\u00f3ra od kilkudziesi\u0119ciu lat znajduje si\u0119 na trasie przejazdu prawie ka\u017cdego podr\u00f3\u017cnego, kt\u00f3ry z centrum Polski pod\u0105\u017ca ku naszym okolicom. <\/strong><!--more--><\/p>\n<p>Wcze\u015bniej te\u017c istnia\u0142a tu droga, lecz z racji jej jako\u015bci, czasami tylko uda\u0142o j\u0105 si\u0119 pokona\u0107 szcz\u0119\u015bliwym posiadaczom samochod\u00f3w marki GAZ, a \u015bmia\u0142ek, kt\u00f3ry spr\u00f3bowa\u0142by dokona\u0107 tego wyczynu terenowym autem marki ARO, szybko da\u0142by za wygran\u0105. Przez wieki okolice nasze po\u0142\u0105czone by\u0142y z zachodnimi cz\u0119\u015bciami Polski poprzez szlak nadbu\u017ca\u0144ski, ale ten przebiega\u0142 przez Udrzyn i Bra\u0144szczyk. Nowa droga przybli\u017cy\u0142a wi\u0119c Por\u0119b\u0119 do Broku, a poprzez most brokowski i do teren\u00f3w le\u017c\u0105cych za Bugiem. Cho\u0107 przegl\u0105daj\u0105c stare ksi\u0119gi metrykalne parafii sadowie\u0144skiej i por\u0119bskiej \u0142atwo dostrzec mo\u017cna, \u017ce rzeka nie stanowi\u0142a wi\u0119kszego problemu dla panien i kawaler\u00f3w szczeg\u00f3lnie z Ra\u017cen, w odnalezieniu wybra\u0144c\u00f3w i wybranek swych serc w Udrzynie i w Por\u0119bie.<\/p>\n<p><strong>Wi\u0119cej na stronie <span style=\"color: #0000ff;\"><a style=\"color: #0000ff;\" href=\"http:\/\/madzelan.cba.pl\/o-porebie-na-lamach-archiwalnych-tygodnikow\/\" target=\"_blank\" rel=\"noopener\">http:\/\/madzelan.cba.pl\/o-porebie-na-lamach-archiwalnych-tygodnikow\/<\/a><\/span><\/strong><\/p>\n","protected":false},"excerpt":{"rendered":"<p>Dzisiaj o miejscowo\u015bci, kt\u00f3ra od kilkudziesi\u0119ciu lat znajduje si\u0119 na trasie przejazdu prawie ka\u017cdego podr\u00f3\u017cnego, kt\u00f3ry z centrum Polski pod\u0105\u017ca ku naszym okolicom.<\/p>\n","protected":false},"author":1,"featured_media":0,"comment_status":"closed","ping_status":"closed","sticky":false,"template":"","format":"standard","meta":{"footnotes":""},"categories":[5,3436,31],"tags":[101,3004,2956,3646],"class_list":["post-25120","post","type-post","status-publish","format-standard","hentry","category-newsy","category-opowiesci-historie-legendy-brokowskie-i-nie-tylko","category-historia-gminy","tag-historia-gminy-sadowne","tag-jerzy-madzelan","tag-opowiesci-historie-legendy-brokowskie-i-nie-tylko","tag-poreba"],"views":2019,"_links":{"self":[{"href":"https:\/\/info.sadowne.pl\/index.php?rest_route=\/wp\/v2\/posts\/25120","targetHints":{"allow":["GET"]}}],"collection":[{"href":"https:\/\/info.sadowne.pl\/index.php?rest_route=\/wp\/v2\/posts"}],"about":[{"href":"https:\/\/info.sadowne.pl\/index.php?rest_route=\/wp\/v2\/types\/post"}],"author":[{"embeddable":true,"href":"https:\/\/info.sadowne.pl\/index.php?rest_route=\/wp\/v2\/users\/1"}],"replies":[{"embeddable":true,"href":"https:\/\/info.sadowne.pl\/index.php?rest_route=%2Fwp%2Fv2%2Fcomments&post=25120"}],"version-history":[{"count":1,"href":"https:\/\/info.sadowne.pl\/index.php?rest_route=\/wp\/v2\/posts\/25120\/revisions"}],"predecessor-version":[{"id":25122,"href":"https:\/\/info.sadowne.pl\/index.php?rest_route=\/wp\/v2\/posts\/25120\/revisions\/25122"}],"wp:attachment":[{"href":"https:\/\/info.sadowne.pl\/index.php?rest_route=%2Fwp%2Fv2%2Fmedia&parent=25120"}],"wp:term":[{"taxonomy":"category","embeddable":true,"href":"https:\/\/info.sadowne.pl\/index.php?rest_route=%2Fwp%2Fv2%2Fcategories&post=25120"},{"taxonomy":"post_tag","embeddable":true,"href":"https:\/\/info.sadowne.pl\/index.php?rest_route=%2Fwp%2Fv2%2Ftags&post=25120"}],"curies":[{"name":"wp","href":"https:\/\/api.w.org\/{rel}","templated":true}]}}