{"id":25165,"date":"2021-10-17T16:00:01","date_gmt":"2021-10-17T14:00:01","guid":{"rendered":"http:\/\/info.sadowne.pl\/?p=25165"},"modified":"2021-10-17T16:00:01","modified_gmt":"2021-10-17T14:00:01","slug":"wegrowskie-barwy-jesieni-2021","status":"publish","type":"post","link":"https:\/\/info.sadowne.pl\/?p=25165","title":{"rendered":"W\u0119growskie Barwy Jesieni 2021"},"content":{"rendered":"<p><a href=\"http:\/\/info.sadowne.pl\/wp-content\/uploads\/2021\/10\/2021.10.17.2.jpg\" target=\"_blank\" rel=\"noopener\"><img loading=\"lazy\" decoding=\"async\" class=\"alignleft wp-image-25166 size-thumbnail\" src=\"http:\/\/info.sadowne.pl\/wp-content\/uploads\/2021\/10\/2021.10.17.2-180x130.jpg\" alt=\"\" width=\"180\" height=\"130\" \/><\/a><\/p>\n<p><strong>W W\u0119growie odby\u0142 si\u0119 XV Mazowiecki Przegl\u0105d Tw\u00f3rczo\u015bci Artystycznej Senior\u00f3w \u2013 W\u0119growskie Barwy Jesieni. Oczywi\u015bcie nasi te\u017c tam byli i \u015bwietnie si\u0119 prezentowali.<\/strong><!--more--><\/p>\n<p>W tym roku dopisali uczestnicy Przegl\u0105du, ich wyst\u0119py roz\u0142o\u017cono na dwa dni \u2013 16 i 17 pa\u017adziernika. Na scenie W\u0119growskiego O\u015brodka Kultury we w\u0142asnych repertuarach zaprezentowali si\u0119 indywidualni wykonawcy, teatry, ch\u00f3ry, kabarety i zespo\u0142y wokalno-artystyczne. Drugiego dnia mogli\u015bmy cieszy\u0107 si\u0119 wyst\u0119pami naszych artyst\u00f3w \u2013 prosz\u0119 zwr\u00f3ci\u0107 uwag\u0119 na wyst\u0119p p. Andrzeja Oltona, p. Anny M\u015bcichowskiej czy Zespo\u0142u \u015apiewaczego \u201eSadowianki\u201d.<\/p>\n<p><a href=\"http:\/\/info.sadowne.pl\/wp-content\/uploads\/2021\/10\/2021.10.17.1.jpg\"><img loading=\"lazy\" decoding=\"async\" class=\"aligncenter size-full wp-image-25167\" src=\"http:\/\/info.sadowne.pl\/wp-content\/uploads\/2021\/10\/2021.10.17.1.jpg\" alt=\"\" width=\"602\" height=\"338\" srcset=\"https:\/\/info.sadowne.pl\/wp-content\/uploads\/2021\/10\/2021.10.17.1.jpg 602w, https:\/\/info.sadowne.pl\/wp-content\/uploads\/2021\/10\/2021.10.17.1-300x168.jpg 300w\" sizes=\"auto, (max-width: 602px) 100vw, 602px\" \/><\/a><\/p>\n<p>Przegl\u0105d prowadzi\u0142a p. Katarzyna Zabada\u0142a \u2013 Dyrektor W\u0119growskiego O\u015brodka Kultury. Wyst\u0119py oczywi\u015bcie by\u0142y oceniane przez specjalnie powo\u0142an\u0105 do tego komisj\u0119. Wkr\u00f3tce znane b\u0119d\u0105 wyniki w poszczeg\u00f3lnych kategoriach, a podsumowanie W\u0119growskich Barw Jesieni odb\u0119dzie si\u0119 w sobot\u0119 23 pa\u017adziernika podczas gali w W\u0119growskim O\u015brodku Kultury.<\/p>\n<p><strong>Zapraszam do obejrzenia kr\u00f3tkiej fotorelacji z drugiego dnia Przegl\u0105du oraz filmu z wyst\u0119p\u00f3w naszych artyst\u00f3w!<\/strong><\/p>\n<p><span style=\"color: #0000ff;\"><a style=\"color: #0000ff;\" href=\"https:\/\/photos.app.goo.gl\/Xg7HoajCGWHTmCoWA\" target=\"_blank\" rel=\"noopener\"><strong>Zdj\u0119cia w galerii Google&gt;&gt;&gt;<\/strong><\/a><\/span><\/p>\n<p><span style=\"color: #0000ff;\"><a style=\"color: #0000ff;\" href=\"https:\/\/youtu.be\/1hhP1reJCss\" target=\"_blank\" rel=\"noopener\"><strong>Film&gt;&gt;&gt;<\/strong><\/a><\/span><\/p>\n<p><strong>Tekst\/foto:<\/strong> S\u0142awek Chyli\u0144ski<\/p>\n","protected":false},"excerpt":{"rendered":"<p>W W\u0119growie odby\u0142 si\u0119 XV Mazowiecki Przegl\u0105d Tw\u00f3rczo\u015bci Artystycznej Senior\u00f3w \u2013 W\u0119growskie Barwy Jesieni. Oczywi\u015bcie nasi te\u017c tam byli i \u015bwietnie si\u0119 prezentowali.<\/p>\n","protected":false},"author":1,"featured_media":0,"comment_status":"closed","ping_status":"closed","sticky":false,"template":"","format":"standard","meta":{"footnotes":""},"categories":[5,91,6],"tags":[986,3648,960],"class_list":["post-25165","post","type-post","status-publish","format-standard","hentry","category-newsy","category-gminny-osrodek-kultury","category-kultura-rozrywka-edukacja","tag-wegrowskie-barwy-jesieni","tag-xv-mazowiecki-przeglad-tworczosci-artystycznej-seniorow","tag-zespol-spiewaczy-sadowianki"],"views":2976,"_links":{"self":[{"href":"https:\/\/info.sadowne.pl\/index.php?rest_route=\/wp\/v2\/posts\/25165","targetHints":{"allow":["GET"]}}],"collection":[{"href":"https:\/\/info.sadowne.pl\/index.php?rest_route=\/wp\/v2\/posts"}],"about":[{"href":"https:\/\/info.sadowne.pl\/index.php?rest_route=\/wp\/v2\/types\/post"}],"author":[{"embeddable":true,"href":"https:\/\/info.sadowne.pl\/index.php?rest_route=\/wp\/v2\/users\/1"}],"replies":[{"embeddable":true,"href":"https:\/\/info.sadowne.pl\/index.php?rest_route=%2Fwp%2Fv2%2Fcomments&post=25165"}],"version-history":[{"count":1,"href":"https:\/\/info.sadowne.pl\/index.php?rest_route=\/wp\/v2\/posts\/25165\/revisions"}],"predecessor-version":[{"id":25168,"href":"https:\/\/info.sadowne.pl\/index.php?rest_route=\/wp\/v2\/posts\/25165\/revisions\/25168"}],"wp:attachment":[{"href":"https:\/\/info.sadowne.pl\/index.php?rest_route=%2Fwp%2Fv2%2Fmedia&parent=25165"}],"wp:term":[{"taxonomy":"category","embeddable":true,"href":"https:\/\/info.sadowne.pl\/index.php?rest_route=%2Fwp%2Fv2%2Fcategories&post=25165"},{"taxonomy":"post_tag","embeddable":true,"href":"https:\/\/info.sadowne.pl\/index.php?rest_route=%2Fwp%2Fv2%2Ftags&post=25165"}],"curies":[{"name":"wp","href":"https:\/\/api.w.org\/{rel}","templated":true}]}}