{"id":25169,"date":"2021-10-19T12:55:58","date_gmt":"2021-10-19T10:55:58","guid":{"rendered":"http:\/\/info.sadowne.pl\/?p=25169"},"modified":"2021-10-19T12:55:58","modified_gmt":"2021-10-19T10:55:58","slug":"pomoc-psychologa","status":"publish","type":"post","link":"https:\/\/info.sadowne.pl\/?p=25169","title":{"rendered":"Pomoc psychologa?"},"content":{"rendered":"<p><strong><a href=\"http:\/\/info.sadowne.pl\/wp-content\/uploads\/2021\/10\/2021.10.19.1.jpg\" target=\"_blank\" rel=\"noopener\"><img loading=\"lazy\" decoding=\"async\" class=\"alignleft wp-image-25170 size-thumbnail\" src=\"http:\/\/info.sadowne.pl\/wp-content\/uploads\/2021\/10\/2021.10.19.1-180x130.jpg\" alt=\"\" width=\"180\" height=\"130\" \/><\/a>Zauwa\u017camy, \u017ce nasze dziecko nie radzi sobie w swoim \u015brodowisku lub samo ze sob\u0105. Co robi\u0107?<\/strong><!--more--><\/p>\n<p>W okresie izolacji lub ograniczenia kontakt\u00f3w ze \u015brodowiskiem spowodowanym zaleceniami pandemicznymi mog\u0105 nasila\u0107 si\u0119 symptomy potencjalnych problem\u00f3w psychicznych u naszych dzieci. Rodzice mog\u0105 je zauwa\u017cy\u0107 jako pierwsi, a je\u015bli nie, to dobrze jest obserwowa\u0107 w\u0142asne dziecko, aby ewentualnie rozpozna\u0107 problem we wczesnej fazie, gdy dziecko podatne jest jeszcze na leczenie.<\/p>\n<p><strong>Co powinno nas zaniepokoi\u0107? Kilka wa\u017cnych temat\u00f3w przy obserwacji dziecka:<\/strong><\/p>\n<ul>\n<li>pojawienie si\u0119 problem\u00f3w w relacjach z r\u00f3wie\u015bnikami lub cz\u0142onkami rodziny;<\/li>\n<li>obni\u017cenie si\u0119 wynik\u00f3w w nauce;<\/li>\n<li>\u00a0zmiany w takich obszarach funkcjonowania jak sen, jedzenie i apetyt, wyra\u017canie emocji, zdolno\u015b\u0107 do skupiania uwagi;<\/li>\n<li>nadu\u017cywanie substancji psychoaktywnych;<\/li>\n<li>zmiany w jako\u015bci kontaktu z dzieckiem.<\/li>\n<\/ul>\n<p><em><strong><a href=\"http:\/\/info.sadowne.pl\/wp-content\/uploads\/2015\/09\/AT1.jpg\"><img loading=\"lazy\" decoding=\"async\" class=\"alignright size-full wp-image-9793\" src=\"http:\/\/info.sadowne.pl\/wp-content\/uploads\/2015\/09\/AT1.jpg\" alt=\"\" width=\"115\" height=\"161\" \/><\/a>Co je\u015bli podejrzewamy, \u017ce nasze dziecko ma problem w jakimkolwiek z powy\u017cszych obszar\u00f3w i widzimy, \u017ce dziecko samo sobie nie radzi z problemem, a sami nie potrafimy mu pom\u00f3c?<\/strong><\/em><\/p>\n<p><em>Ot\u00f3\u017c, nie wstyd\u017amy si\u0119 i poszukajmy jak najwcze\u015bniej dla niego pomocy psychologicznej lub psychiatrycznej.\u00a0 By\u0107 mo\u017ce oka\u017ce si\u0119, \u017ce obserwowany u dziecka objaw lub problem zwi\u0105zany jest z \u0142atw\u0105 do usuni\u0119cia przyczyn\u0105 lub jest charakterystyczny dla zachowania dzieci tym wieku. Mo\u017ce jednak by\u0107 te\u017c tak, \u017ce po wst\u0119pnej diagnozie psycholog lub psychiatra, razem z rodzicami, uzgodni\u0105, \u017ce wskazane by by\u0142o, by dziecko lub nawet ca\u0142a rodzina\u00a0skorzystali z \u00a0psychoterapii.<\/em><\/p>\n<p>Warto wspomnie\u0107, \u017ce symptomy potencjalnych problem\u00f3w psychicznych mog\u0105 by\u0107 podobne do symptom\u00f3w charakterystycznych dla chor\u00f3b fizycznych. W razie w\u0105tpliwo\u015bci\u00a0warto wi\u0119c skonsultowa\u0107 si\u0119 r\u00f3wnie\u017c z lekarzem pediatr\u0105.<\/p>\n<p><strong>Gdzie mo\u017cna znale\u017a\u0107 pomoc dla dziecka z problemami psychicznymi?<\/strong><\/p>\n<p>Przedstawionymi problemami dzieci i m\u0142odzie\u017cy na naszym terenie zajmuje si\u0119 Poradnia Psychologiczno \u2013 Pedagogiczna w W\u0119growie.<\/p>\n<p><strong>I wa\u017cne!<\/strong> Od 1 wrze\u015bnia 2021 r. uruchomiono Zamiejscowy Punkt Obs\u0142ugi Poradni Psychologiczno &#8211; Pedagogicznej w W\u0119growie. Punkt mie\u015bci si\u0119 w budynku Szko\u0142y Podstawowej nr 3 im. Marii Konopnickiej\u00a0 w \u0141ochowie. G\u0142\u00f3wnym zadaniem realizowanym przez punkt obs\u0142ugi jest prowadzenie bada\u0144 diagnostycznych oraz konsultacji dla dzieci i m\u0142odzie\u017cy z miasta i gminy \u0141och\u00f3w, a tak\u017ce z gmin Sadowne i Stoczek.<\/p>\n<p>Jak oficjalnie informuje si\u0119 na stronie PP-P w W\u0119growie, <em>w punkcie obs\u0142ugi pracowa\u0107 b\u0119d\u0105 specjali\u015bci: psycholog, pedagog i doradca zawodowy. Od wtorku do czwartku, w ustalonych godzinach dostosowanych do potrzeb klient\u00f3w oraz czasu pracy Poradni b\u0119d\u0105 odbywa\u0142y si\u0119 um\u00f3wione wcze\u015bniej spotkania.<\/em><\/p>\n<p><em>Zg\u0142oszenia do punktu obs\u0142ugi w \u0141ochowie, prosimy przesy\u0142a\u0107 w formie pisemnej na formularzach dost\u0119pnych do pobrania na stronie internetowej w zak\u0142adce\u00a0 Diagnoza,\u00a0<u>\u00a0<\/u>na adres Poradni Psychologiczno-Pedagogicznej\u00a0 w W\u0119growie &#8211; <span style=\"color: #0000ff;\"><a style=\"color: #0000ff;\" href=\"https:\/\/poradnia.wegrow.pl\/orzeczenia-i-opinie\/\" target=\"_blank\" rel=\"noopener\"><strong>https:\/\/poradnia.wegrow.pl\/orzeczenia-i-opinie\/<\/strong><\/a><\/span>.<\/em><\/p>\n<p><em>Wyb\u00f3r miejsca diagnozy zale\u017cy od wskaza\u0144 rodzic\u00f3w zawartych w formularzu zg\u0142oszeniowym.<\/em><\/p>\n<p><strong>Polecam zainteresowanym skorzystanie z us\u0142ug Poradni. Nie czekajmy na wzmo\u017cenie si\u0119 niepokoj\u0105cych objaw\u00f3w zaburze\u0144 u naszego dziecka.<\/strong><\/p>\n<p><strong>Agata Tabor \u2013 piel\u0119gniarka szkolna<\/strong><\/p>\n<p><strong>\u0179r\u00f3d\u0142a:<\/strong><\/p>\n<p><a href=\"https:\/\/poradnia.wegrow.pl\/home\/\" target=\"_blank\" rel=\"noopener\">https:\/\/poradnia.wegrow.pl\/home\/<\/a><\/p>\n<p><a href=\"https:\/\/rodziceidzieci.com\/kiedy-szukac-pomocy-psychologicznej-dla-dziecka-0\" target=\"_blank\" rel=\"noopener\">https:\/\/rodziceidzieci.com\/kiedy-szukac-pomocy-psychologicznej-dla-dziecka-0<\/a><\/p>\n","protected":false},"excerpt":{"rendered":"<p>Zauwa\u017camy, \u017ce nasze dziecko nie radzi sobie w swoim \u015brodowisku lub samo ze sob\u0105. Co robi\u0107?<\/p>\n","protected":false},"author":1,"featured_media":0,"comment_status":"closed","ping_status":"closed","sticky":false,"template":"","format":"standard","meta":{"footnotes":""},"categories":[5,1406,1408],"tags":[1410,3649,1666],"class_list":["post-25169","post","type-post","status-publish","format-standard","hentry","category-newsy","category-czy-wiesz","category-zdrowie","tag-agata-tabor","tag-poradnia-psychologiczno-pedagogiczna-w-wegrowie","tag-zdrowie-dzieci"],"views":2488,"_links":{"self":[{"href":"https:\/\/info.sadowne.pl\/index.php?rest_route=\/wp\/v2\/posts\/25169","targetHints":{"allow":["GET"]}}],"collection":[{"href":"https:\/\/info.sadowne.pl\/index.php?rest_route=\/wp\/v2\/posts"}],"about":[{"href":"https:\/\/info.sadowne.pl\/index.php?rest_route=\/wp\/v2\/types\/post"}],"author":[{"embeddable":true,"href":"https:\/\/info.sadowne.pl\/index.php?rest_route=\/wp\/v2\/users\/1"}],"replies":[{"embeddable":true,"href":"https:\/\/info.sadowne.pl\/index.php?rest_route=%2Fwp%2Fv2%2Fcomments&post=25169"}],"version-history":[{"count":1,"href":"https:\/\/info.sadowne.pl\/index.php?rest_route=\/wp\/v2\/posts\/25169\/revisions"}],"predecessor-version":[{"id":25171,"href":"https:\/\/info.sadowne.pl\/index.php?rest_route=\/wp\/v2\/posts\/25169\/revisions\/25171"}],"wp:attachment":[{"href":"https:\/\/info.sadowne.pl\/index.php?rest_route=%2Fwp%2Fv2%2Fmedia&parent=25169"}],"wp:term":[{"taxonomy":"category","embeddable":true,"href":"https:\/\/info.sadowne.pl\/index.php?rest_route=%2Fwp%2Fv2%2Fcategories&post=25169"},{"taxonomy":"post_tag","embeddable":true,"href":"https:\/\/info.sadowne.pl\/index.php?rest_route=%2Fwp%2Fv2%2Ftags&post=25169"}],"curies":[{"name":"wp","href":"https:\/\/api.w.org\/{rel}","templated":true}]}}