{"id":25177,"date":"2021-10-21T18:36:57","date_gmt":"2021-10-21T16:36:57","guid":{"rendered":"http:\/\/info.sadowne.pl\/?p=25177"},"modified":"2021-10-21T18:36:57","modified_gmt":"2021-10-21T16:36:57","slug":"rok-1807-francuzi-w-broku","status":"publish","type":"post","link":"https:\/\/info.sadowne.pl\/?p=25177","title":{"rendered":"ROK 1807 \u2013 FRANCUZI W BROKU"},"content":{"rendered":"<p><strong><a href=\"http:\/\/info.sadowne.pl\/wp-content\/uploads\/2021\/10\/Brok60.jpg\" target=\"_blank\" rel=\"noopener\"><img loading=\"lazy\" decoding=\"async\" class=\"alignleft wp-image-25178 size-thumbnail\" src=\"http:\/\/info.sadowne.pl\/wp-content\/uploads\/2021\/10\/Brok60-180x130.jpg\" alt=\"\" width=\"180\" height=\"130\" \/><\/a>6 pa\u017adziernika 1806 r. kr\u00f3l pruski Fryderyk Wilhelm III lekkomy\u015blnie wypowiedzia\u0142 wojn\u0119 Napoleonowi, a ju\u017c 14 pa\u017adziernika wojska pruskie otrzyma\u0142y nokautuj\u0105ce ciosy pod Jen\u0105 i Auerst\u00e4dt. <\/strong><!--more--><\/p>\n<p>Sta\u0142o si\u0119 to zaledwie sze\u015b\u0107 dni po rozpocz\u0119ciu przez stron\u0119 francusk\u0105 dzia\u0142a\u0144 zbrojnych, by\u0142a to wi\u0119c jedna z najszybszych kampanii w historii.\u00a0Pa\u0144stwo pruskie zacz\u0119\u0142o si\u0119 dos\u0142ownie rozpada\u0107. Ju\u017c 27 pa\u017adziernika Napoleon wjecha\u0142 triumfalnie do Berlina, a armia pruska by\u0142a na tyle zdemoralizowana, \u017ce fortece uwa\u017cane za niezdobyte, poddawa\u0142y si\u0119 Francuzom praktycznie bez walki. Wielotysi\u0119czna za\u0142oga pot\u0119\u017cnej twierdzy w Szczecinie skapitulowa\u0142a przed oddzia\u0142em licz\u0105cym kilkuset huzar\u00f3w.<\/p>\n<p>Pokonanie prawie 600 km dziel\u0105cych Berlin od Warszawy zaj\u0119\u0142o Francuzom miesi\u0105c. 27 listopada syn ober\u017cysty marsz. Joachim Murat wjecha\u0142 na czele swej jazdy do Warszawy. Przyj\u0119cie by\u0142o entuzjastyczne i nawet taborowych ciur\u00f3w witano i\u015bcie po kr\u00f3lewsku. Anna z Tyszkiewicz\u00f3w Potocka-W\u0105sowiczowa pisa\u0142a: \u201ek\u0142\u00f3cono si\u0119 o nich, wyrywano ich sobie, licytowano si\u0119, kto ich lepiej przyjmie\u201d.<\/p>\n<p><strong>Wi\u0119cej na stronie <span style=\"color: #0000ff;\"><a style=\"color: #0000ff;\" href=\"http:\/\/madzelan.cba.pl\/rok-1807-francuzi-w-broku\/\" target=\"_blank\" rel=\"noopener\">http:\/\/madzelan.cba.pl\/rok-1807-francuzi-w-broku\/<\/a><\/span><\/strong><\/p>\n","protected":false},"excerpt":{"rendered":"<p>6 pa\u017adziernika 1806 r. kr\u00f3l pruski Fryderyk Wilhelm III lekkomy\u015blnie wypowiedzia\u0142 wojn\u0119 Napoleonowi, a ju\u017c 14 pa\u017adziernika wojska pruskie otrzyma\u0142y nokautuj\u0105ce ciosy pod Jen\u0105 i Auerst\u00e4dt.<\/p>\n","protected":false},"author":1,"featured_media":0,"comment_status":"closed","ping_status":"closed","sticky":false,"template":"","format":"standard","meta":{"footnotes":""},"categories":[5,3436,31],"tags":[101,3004,2956],"class_list":["post-25177","post","type-post","status-publish","format-standard","hentry","category-newsy","category-opowiesci-historie-legendy-brokowskie-i-nie-tylko","category-historia-gminy","tag-historia-gminy-sadowne","tag-jerzy-madzelan","tag-opowiesci-historie-legendy-brokowskie-i-nie-tylko"],"views":2401,"_links":{"self":[{"href":"https:\/\/info.sadowne.pl\/index.php?rest_route=\/wp\/v2\/posts\/25177","targetHints":{"allow":["GET"]}}],"collection":[{"href":"https:\/\/info.sadowne.pl\/index.php?rest_route=\/wp\/v2\/posts"}],"about":[{"href":"https:\/\/info.sadowne.pl\/index.php?rest_route=\/wp\/v2\/types\/post"}],"author":[{"embeddable":true,"href":"https:\/\/info.sadowne.pl\/index.php?rest_route=\/wp\/v2\/users\/1"}],"replies":[{"embeddable":true,"href":"https:\/\/info.sadowne.pl\/index.php?rest_route=%2Fwp%2Fv2%2Fcomments&post=25177"}],"version-history":[{"count":1,"href":"https:\/\/info.sadowne.pl\/index.php?rest_route=\/wp\/v2\/posts\/25177\/revisions"}],"predecessor-version":[{"id":25179,"href":"https:\/\/info.sadowne.pl\/index.php?rest_route=\/wp\/v2\/posts\/25177\/revisions\/25179"}],"wp:attachment":[{"href":"https:\/\/info.sadowne.pl\/index.php?rest_route=%2Fwp%2Fv2%2Fmedia&parent=25177"}],"wp:term":[{"taxonomy":"category","embeddable":true,"href":"https:\/\/info.sadowne.pl\/index.php?rest_route=%2Fwp%2Fv2%2Fcategories&post=25177"},{"taxonomy":"post_tag","embeddable":true,"href":"https:\/\/info.sadowne.pl\/index.php?rest_route=%2Fwp%2Fv2%2Ftags&post=25177"}],"curies":[{"name":"wp","href":"https:\/\/api.w.org\/{rel}","templated":true}]}}