{"id":25180,"date":"2021-10-22T16:03:25","date_gmt":"2021-10-22T14:03:25","guid":{"rendered":"http:\/\/info.sadowne.pl\/?p=25180"},"modified":"2021-10-22T16:06:55","modified_gmt":"2021-10-22T14:06:55","slug":"jesien-to-czas-odlotow","status":"publish","type":"post","link":"https:\/\/info.sadowne.pl\/?p=25180","title":{"rendered":"Jesie\u0144 to czas odlot\u00f3w\u2026"},"content":{"rendered":"<p><strong><a href=\"http:\/\/info.sadowne.pl\/wp-content\/uploads\/2021\/10\/2021.10.22.1.jpg\" target=\"_blank\" rel=\"noopener\"><img loading=\"lazy\" decoding=\"async\" class=\"alignleft wp-image-25181 size-thumbnail\" src=\"http:\/\/info.sadowne.pl\/wp-content\/uploads\/2021\/10\/2021.10.22.1-180x130.jpg\" alt=\"\" width=\"180\" height=\"130\" \/><\/a>Kolejny wiersz p. Wies\u0142awa z kategorii \u201elas\u201d.<\/strong><!--more--><\/p>\n<p style=\"text-align: left;\">*<\/p>\n<p style=\"text-align: left;\">*<\/p>\n<p><a href=\"http:\/\/info.sadowne.pl\/wp-content\/uploads\/2021\/10\/2021.10.22.2.jpg\" target=\"_blank\" rel=\"noopener\"><img loading=\"lazy\" decoding=\"async\" class=\"aligncenter wp-image-25182 size-medium\" src=\"http:\/\/info.sadowne.pl\/wp-content\/uploads\/2021\/10\/2021.10.22.2-300x225.jpg\" alt=\"\" width=\"300\" height=\"225\" srcset=\"https:\/\/info.sadowne.pl\/wp-content\/uploads\/2021\/10\/2021.10.22.2-300x225.jpg 300w, https:\/\/info.sadowne.pl\/wp-content\/uploads\/2021\/10\/2021.10.22.2-768x576.jpg 768w, https:\/\/info.sadowne.pl\/wp-content\/uploads\/2021\/10\/2021.10.22.2.jpg 799w\" sizes=\"auto, (max-width: 300px) 100vw, 300px\" \/><\/a><\/p>\n<p style=\"text-align: center;\"><span style=\"color: #0000ff;\"><strong>Jesienne odloty<\/strong><strong>\u00a0<\/strong><\/span><\/p>\n<p style=\"text-align: center;\">*<\/p>\n<p style=\"text-align: center;\">Dzi\u015b nie odlec\u0119 st\u0105d.<\/p>\n<p style=\"text-align: center;\">S\u0105 przecie\u017c ptaki,<\/p>\n<p style=\"text-align: center;\">kt\u00f3re pozostaj\u0105,<\/p>\n<p style=\"text-align: center;\">gdy p\u0142omie\u0144 jarz\u0119bin<\/p>\n<p style=\"text-align: center;\">otacza m\u00f3j dom,<\/p>\n<p style=\"text-align: center;\">a dzie\u0144 pierzcha szybciej<\/p>\n<p style=\"text-align: center;\">ni\u017c zaj\u0105c.<\/p>\n<p style=\"text-align: center;\">*<\/p>\n<p style=\"text-align: center;\">Las wiewi\u00f3rczeje<\/p>\n<p style=\"text-align: center;\">w rudy sen si\u0119 zbiera.<\/p>\n<p style=\"text-align: center;\">Ga\u015bnie w\u015br\u00f3d wrzos\u00f3w<\/p>\n<p style=\"text-align: center;\">ziemi ciep\u0142y l\u0105d.<\/p>\n<p style=\"text-align: center;\">Barwy na polach<\/p>\n<p style=\"text-align: center;\">jak t\u0119cze znikaj\u0105&#8230;<\/p>\n<p style=\"text-align: center;\">*<\/p>\n<p style=\"text-align: center;\">Ju\u017c nie odlec\u0119 st\u0105d.<\/p>\n<p style=\"text-align: center;\">Zostaj\u0119.<\/p>\n<p style=\"text-align: center;\">*<\/p>\n<p><a href=\"http:\/\/info.sadowne.pl\/wp-content\/uploads\/2021\/10\/2021.10.22.3.jpg\" target=\"_blank\" rel=\"noopener\"><img loading=\"lazy\" decoding=\"async\" class=\"aligncenter wp-image-25184 size-medium\" src=\"http:\/\/info.sadowne.pl\/wp-content\/uploads\/2021\/10\/2021.10.22.3-300x225.jpg\" alt=\"\" width=\"300\" height=\"225\" srcset=\"https:\/\/info.sadowne.pl\/wp-content\/uploads\/2021\/10\/2021.10.22.3-300x225.jpg 300w, https:\/\/info.sadowne.pl\/wp-content\/uploads\/2021\/10\/2021.10.22.3-768x576.jpg 768w, https:\/\/info.sadowne.pl\/wp-content\/uploads\/2021\/10\/2021.10.22.3.jpg 794w\" sizes=\"auto, (max-width: 300px) 100vw, 300px\" \/><\/a><\/p>\n<p><strong>Autor\/foto:<\/strong> Wies\u0142aw Maliszewski<\/p>\n","protected":false},"excerpt":{"rendered":"<p>Kolejny wiersz p. Wies\u0142awa z kategorii \u201elas\u201d.<\/p>\n","protected":false},"author":1,"featured_media":0,"comment_status":"closed","ping_status":"closed","sticky":false,"template":"","format":"standard","meta":{"footnotes":""},"categories":[5,48,6,108],"tags":[3650,49,51],"class_list":["post-25180","post","type-post","status-publish","format-standard","hentry","category-newsy","category-kacik-literacki","category-kultura-rozrywka-edukacja","category-okienko-poetyckie","tag-jesienne-odloty","tag-wiersze","tag-wieslaw-maliszewski"],"views":2123,"_links":{"self":[{"href":"https:\/\/info.sadowne.pl\/index.php?rest_route=\/wp\/v2\/posts\/25180","targetHints":{"allow":["GET"]}}],"collection":[{"href":"https:\/\/info.sadowne.pl\/index.php?rest_route=\/wp\/v2\/posts"}],"about":[{"href":"https:\/\/info.sadowne.pl\/index.php?rest_route=\/wp\/v2\/types\/post"}],"author":[{"embeddable":true,"href":"https:\/\/info.sadowne.pl\/index.php?rest_route=\/wp\/v2\/users\/1"}],"replies":[{"embeddable":true,"href":"https:\/\/info.sadowne.pl\/index.php?rest_route=%2Fwp%2Fv2%2Fcomments&post=25180"}],"version-history":[{"count":3,"href":"https:\/\/info.sadowne.pl\/index.php?rest_route=\/wp\/v2\/posts\/25180\/revisions"}],"predecessor-version":[{"id":25186,"href":"https:\/\/info.sadowne.pl\/index.php?rest_route=\/wp\/v2\/posts\/25180\/revisions\/25186"}],"wp:attachment":[{"href":"https:\/\/info.sadowne.pl\/index.php?rest_route=%2Fwp%2Fv2%2Fmedia&parent=25180"}],"wp:term":[{"taxonomy":"category","embeddable":true,"href":"https:\/\/info.sadowne.pl\/index.php?rest_route=%2Fwp%2Fv2%2Fcategories&post=25180"},{"taxonomy":"post_tag","embeddable":true,"href":"https:\/\/info.sadowne.pl\/index.php?rest_route=%2Fwp%2Fv2%2Ftags&post=25180"}],"curies":[{"name":"wp","href":"https:\/\/api.w.org\/{rel}","templated":true}]}}