{"id":25194,"date":"2021-10-25T17:18:29","date_gmt":"2021-10-25T15:18:29","guid":{"rendered":"http:\/\/info.sadowne.pl\/?p=25194"},"modified":"2021-10-25T17:18:29","modified_gmt":"2021-10-25T15:18:29","slug":"kronika-strazacka-18-24-10-2021","status":"publish","type":"post","link":"https:\/\/info.sadowne.pl\/?p=25194","title":{"rendered":"Kronika stra\u017cacka 18 -24 10.2021"},"content":{"rendered":"<p><strong><a href=\"http:\/\/info.sadowne.pl\/wp-content\/uploads\/2013\/07\/straz3.jpg\"><img loading=\"lazy\" decoding=\"async\" class=\"alignleft size-thumbnail wp-image-2625\" src=\"http:\/\/info.sadowne.pl\/wp-content\/uploads\/2013\/07\/straz3-180x130.jpg\" alt=\"\" width=\"180\" height=\"130\" \/><\/a>W<\/strong><strong> okresie<\/strong><strong> od<\/strong><strong> 18 &#8211; 24.10.2021 na<\/strong><strong> terenie<\/strong><strong> powiatu<\/strong><strong> w\u0119growskiego<\/strong><strong> zanotowano: <\/strong><strong>29 zdarze\u0144,<\/strong><strong> przy<\/strong><strong> kt\u00f3rych<\/strong><strong> interweniowa\u0142y<\/strong><strong> jednostki<\/strong><strong> ochrony<\/strong><strong> przeciwpo\u017carowej, w tym:<\/strong><strong> 2 po\u017cary, 25 miejscowych zagro\u017ce\u0144 i 2 alarmy fa\u0142szywe.<\/strong><!--more--><\/p>\n<p><strong>19.10.2021 \u2013 \u0141och\u00f3w \u2013 wypadek.<\/strong><\/p>\n<p>Po przyje\u017adzie na miejsce zdarzenia zast\u0119p\u00f3w OSP \u0141och\u00f3w stra\u017cacy stwierdzili, \u017ce dosz\u0142o do zderzenia dw\u00f3ch samochod\u00f3w osobowych. W wyniku zdarzenia jedna osoba dozna\u0142 urazu g\u0142owy w okolicy lewego ucha. Drugi kieruj\u0105cy oddali\u0142 si\u0119 z miejsca zdarzenia. Dzia\u0142ania zast\u0119p\u00f3w polega\u0142y na zabezpieczeniu miejsca zdarzenia, od\u0142\u0105czeniu akumulator\u00f3w w pojazdach, udzieleniu kwalifikowanej pierwszej pomocy osobie poszkodowanej. Na miejsce zdarzenia przyby\u0142 ZRM, kt\u00f3remu przekazano osob\u0119 poszkodowan\u0105. Na pro\u015bb\u0119 policji zast\u0119p OSP \u0141och\u00f3w zosta\u0142 do pomocy w zabezpieczeniu miejsca zdarzenia do czasu uprz\u0105tni\u0119cia uszkodzonych pojazd\u00f3w z jezdni.<\/p>\n<p><strong>21.10.2021 \u2013 W\u0119gr\u00f3w \u2013 <\/strong><strong>przewr\u00f3cone drzewo<\/strong><strong>.<\/strong><strong>\u00a0<\/strong><\/p>\n<p>Do SKKP w W\u0119growie wp\u0142yn\u0119\u0142a formatka o tre\u015bci: &#8222;przewr\u00f3cone drzewo blokuje dojazd do posesji, ca\u0142kowita blokada, d\u0142ugo\u015b\u0107 drzewa &#8211; ok. 20 metr\u00f3w, PRM niepotrzebne, brak przewod\u00f3w energetycznych w zasi\u0119gu, drzewo uszkodzi\u0142o elementy ogrodzenia pobliskiego cmentarza&#8221;. Na miejsce zdarzenia zadysponowano zast\u0119p JRG PSP W\u0119gr\u00f3w. Po dotarciu na miejsce zdarzenia stra\u017cacy stwierdzili, \u017ce topola o d\u0142ug. Ok. 20m blokuje dojazd do posesji. Drzewo ros\u0142o na terenie cmentarza, przewracaj\u0105c si\u0119 uszkodzi\u0142o cz\u0119\u015b\u0107 ogrodzenia cmentarza (kamienny parkan). Dzia\u0142ania zast\u0119pu polega\u0142y na zabezpieczeniu miejsca zdarzenia, poci\u0119ciu drzewa na mniejsze kawa\u0142ki i usuni\u0119ciu go z pasa drogi dojazdowej przy u\u017cyciu pi\u0142 mechanicznych.<\/p>\n<p><strong>21.10.2021 \u2013 Ludwin\u00f3w, gm. Liw \u2013 przewr\u00f3cone drzewa na drog\u0119 do Ma\u0142ej Wsi.<\/strong><\/p>\n<p>Do zdarzenia zadysponowa\u0142o zast\u0119p JRG PSP W\u0119gr\u00f3w. Dojazd do miejsca zdarzenia drog\u0105 gruntow\u0105. Po przybyciu na miejsce zdarzenia zast\u0119p\u00f3w JRG PSP W\u0119gr\u00f3w i OSP Starawie\u015b, stwierdzono, \u017ce w poprzek drogi gminnej przewr\u00f3cone s\u0105 dwa drzewa (sosny), kt\u00f3re zawieszone s\u0105 na linii energetycznej. Ratownicy zabezpieczeni w sprz\u0119t do pracy na wysoko\u015bci usun\u0119li przy pomocy pilarki spalinowej le\u017c\u0105ce drzewa na linii energetycznej. Na tym dzia\u0142ania zast\u0119p\u00f3w zako\u0144czono, zast\u0119py powr\u00f3ci\u0142y do koszar.<\/p>\n<p><strong>22.10.2021 \u2013 \u0141och\u00f3w \u2013 drzewo na gara\u017cu.<\/strong><\/p>\n<p>Do SKKP wp\u0142yn\u0119\u0142a informacja o przewalonym drzewie, opartym o dach budynku gara\u017cowego (wolnostoj\u0105cy, murowany, kryty blach\u0105) &#8211; w \u015brodku znajdowa\u0142 si\u0119 samoch\u00f3d. Po przybyciu na miejsce zdarzenia zast\u0119p\u00f3w OSP \u0141och\u00f3w ul. Fabryczna, stra\u017cacy stwierdzili, \u017ce drzewo pod wp\u0142ywem wiatru upad\u0142o na budynek gara\u017cu stoj\u0105cego na prywatnej posesji i opar\u0142o si\u0119 o dach budynku uszkadzaj\u0105c cz\u0119\u015bciowo fragment tego dachu. Zast\u0119py OSP zabezpieczy\u0142y miejsce zdarzenia a nast\u0119pnie przy pomocy podno\u015bnika SH-18 i pi\u0142 spalinowych usun\u0119\u0142y drzewo. Na tym dzia\u0142ania zako\u0144czono.<\/p>\n<p><strong>22.10.2021 \u2013 Zakrzew, gm. Korytnica \u2013 wypadek.<\/strong><\/p>\n<p>Do wypadku zadysponowano JRG PSP W\u0119gr\u00f3w oraz OSP Korytnica. Po doje\u017adzie na miejsce zdarzenia zast\u0119p\u00f3w stra\u017cacy stwierdzili, \u017ce samoch\u00f3d osobowy wypad\u0142 z drogi wojew\u00f3dzkiej 637 (jad\u0105c od strony Dobrego), i znajduje si\u0119 w rowie na dachu. Jedna osoba jad\u0105ca wypad\u0142a z samochodu i le\u017ca\u0142a na jezdni, na miejscu by\u0142a karetka przewozowa (przeje\u017cd\u017caj\u0105ca t\u0105 drog\u0105), z kt\u00f3rej ratownik zaj\u0105\u0142 si\u0119 poszkodowanym, droga by\u0142a nieprzejezdna. Dzia\u0142ania zast\u0119p\u00f3w polega\u0142y na zabezpieczeniu miejsca zdarzenia oraz wsparciu ratownika karetki przewozowej w udzielaniu pomocy medycznej osobie poszkodowanej (nieprzytomny, krwawienie), rozstawiono te\u017c parawan w celu zabezpieczenia poszkodowanego przed silnymi podmuchami wiatru. W mi\u0119dzyczasie dojecha\u0142 ZRM, kt\u00f3ry przej\u0105\u0142 dalsze dzia\u0142ania medyczne. \u00a0Dalsze dzia\u0142ania stra\u017cy po\u017carnej polega\u0142y na zabezpieczaniu miejsca zdarzenia, od\u0142\u0105czeniu akumulatora i pomocy Policji w zabezpieczeniu ruchu drogowego. Sprawdzono otwieraj\u0105c uszkodzony samoch\u00f3d (u\u017cywaj\u0105c narz\u0119dzi hydraulicznych) czy nie znajduj\u0105 si\u0119 w nim inne osoby oraz przeszukano teren przy miejscu zdarzenia nie stwierdzaj\u0105c innych os\u00f3b poszkodowanych. Zabezpieczano r\u00f3wnie\u017c l\u0105dowanie i start z poszkodowanym przyby\u0142ego \u015bmig\u0142owca LPR. Po odlocie z miejsca zdarzenia LPR z poszkodowanym, przekazano miejsce zdarzenia Policji.<\/p>\n<p><strong>KP PSP W\u0119gr\u00f3w<\/strong><\/p>\n","protected":false},"excerpt":{"rendered":"<p>W okresie od 18 &#8211; 24.10.2021 na terenie powiatu w\u0119growskiego zanotowano: 29 zdarze\u0144, przy kt\u00f3rych interweniowa\u0142y jednostki ochrony przeciwpo\u017carowej, w tym: 2 po\u017cary, 25 miejscowych zagro\u017ce\u0144 i 2 alarmy fa\u0142szywe.<\/p>\n","protected":false},"author":1,"featured_media":0,"comment_status":"closed","ping_status":"closed","sticky":false,"template":"","format":"standard","meta":{"footnotes":""},"categories":[5,4,267],"tags":[491,643],"class_list":["post-25194","post","type-post","status-publish","format-standard","hentry","category-newsy","category-policja-straz-pozarna-pogotowie-ratunkowe","category-straz-pozarna-policja-straz-pozarna-pogotowie-ratunkowe","tag-komenda-powiatowa-panstwowej-strazy-pozarnej-w-wegrowie","tag-kronika-strazacka"],"views":2407,"_links":{"self":[{"href":"https:\/\/info.sadowne.pl\/index.php?rest_route=\/wp\/v2\/posts\/25194","targetHints":{"allow":["GET"]}}],"collection":[{"href":"https:\/\/info.sadowne.pl\/index.php?rest_route=\/wp\/v2\/posts"}],"about":[{"href":"https:\/\/info.sadowne.pl\/index.php?rest_route=\/wp\/v2\/types\/post"}],"author":[{"embeddable":true,"href":"https:\/\/info.sadowne.pl\/index.php?rest_route=\/wp\/v2\/users\/1"}],"replies":[{"embeddable":true,"href":"https:\/\/info.sadowne.pl\/index.php?rest_route=%2Fwp%2Fv2%2Fcomments&post=25194"}],"version-history":[{"count":1,"href":"https:\/\/info.sadowne.pl\/index.php?rest_route=\/wp\/v2\/posts\/25194\/revisions"}],"predecessor-version":[{"id":25195,"href":"https:\/\/info.sadowne.pl\/index.php?rest_route=\/wp\/v2\/posts\/25194\/revisions\/25195"}],"wp:attachment":[{"href":"https:\/\/info.sadowne.pl\/index.php?rest_route=%2Fwp%2Fv2%2Fmedia&parent=25194"}],"wp:term":[{"taxonomy":"category","embeddable":true,"href":"https:\/\/info.sadowne.pl\/index.php?rest_route=%2Fwp%2Fv2%2Fcategories&post=25194"},{"taxonomy":"post_tag","embeddable":true,"href":"https:\/\/info.sadowne.pl\/index.php?rest_route=%2Fwp%2Fv2%2Ftags&post=25194"}],"curies":[{"name":"wp","href":"https:\/\/api.w.org\/{rel}","templated":true}]}}