{"id":25219,"date":"2021-11-04T12:30:24","date_gmt":"2021-11-04T11:30:24","guid":{"rendered":"http:\/\/info.sadowne.pl\/?p=25219"},"modified":"2021-11-04T12:30:24","modified_gmt":"2021-11-04T11:30:24","slug":"parafia-sadowne-ksiega-ochrzczonych-1798-1810","status":"publish","type":"post","link":"https:\/\/info.sadowne.pl\/?p=25219","title":{"rendered":"Parafia Sadowne. Ksi\u0119ga ochrzczonych 1798\u20131810"},"content":{"rendered":"<p><strong><a href=\"http:\/\/info.sadowne.pl\/wp-content\/uploads\/2020\/05\/Brok27.jpg\"><img loading=\"lazy\" decoding=\"async\" class=\"alignleft size-thumbnail wp-image-23439\" src=\"http:\/\/info.sadowne.pl\/wp-content\/uploads\/2020\/05\/Brok27-180x130.jpg\" alt=\"\" width=\"180\" height=\"130\" \/><\/a>Od ko\u0144ca roku 1797 wpis\u00f3w w ksi\u0119gach parafialnych dokonywano w tabelach pod\u0142ug wzoru wymaganego przez w\u0142adze austriackie. Nic wi\u0119c dziwnego, \u017ce sadowie\u0144scy duchowni nadali ksi\u0119dze ochrzczonych z tego okresu nazw\u0119 \u201eaustriackie urodzenia\u201d.<\/strong><!--more--><\/p>\n<p>Dla ka\u017cdej z miejscowo\u015bci przygotowano oddzielne tabele. Wpisy zawieraj\u0105 kolejno: dat\u0119 ochrzczenia dziecka; numer aktu; numer domu, w kt\u00f3rym dziecko przysz\u0142o na \u015bwiat; imi\u0119 i nazwisko dziecka; imiona rodzic\u00f3w; oraz dane rodzic\u00f3w chrzestnych, zwykle wraz ze skr\u00f3tem, okre\u015blaj\u0105cym ich przynale\u017cno\u015b\u0107 spo\u0142eczn\u0105.<\/p>\n<p><strong>Wi\u0119cej na stronie <span style=\"color: #0000ff;\"><a style=\"color: #0000ff;\" href=\"http:\/\/madzelan.cba.pl\/parafia-sadowne-ksiega-ochrzczonych-1798-1810\/\" target=\"_blank\" rel=\"noopener\">http:\/\/madzelan.cba.pl\/parafia-sadowne-ksiega-ochrzczonych-1798-1810\/<\/a><\/span><\/strong><\/p>\n","protected":false},"excerpt":{"rendered":"<p>Od ko\u0144ca roku 1797 wpis\u00f3w w ksi\u0119gach parafialnych dokonywano w tabelach pod\u0142ug wzoru wymaganego przez w\u0142adze austriackie. Nic wi\u0119c dziwnego, \u017ce sadowie\u0144scy duchowni nadali ksi\u0119dze ochrzczonych z tego okresu nazw\u0119 \u201eaustriackie urodzenia\u201d.<\/p>\n","protected":false},"author":1,"featured_media":0,"comment_status":"closed","ping_status":"closed","sticky":false,"template":"","format":"standard","meta":{"footnotes":""},"categories":[5,3436,31],"tags":[101,3004,3543,2956],"class_list":["post-25219","post","type-post","status-publish","format-standard","hentry","category-newsy","category-opowiesci-historie-legendy-brokowskie-i-nie-tylko","category-historia-gminy","tag-historia-gminy-sadowne","tag-jerzy-madzelan","tag-ksiega-ochrzczonych-parafii-sadowne","tag-opowiesci-historie-legendy-brokowskie-i-nie-tylko"],"views":2036,"_links":{"self":[{"href":"https:\/\/info.sadowne.pl\/index.php?rest_route=\/wp\/v2\/posts\/25219","targetHints":{"allow":["GET"]}}],"collection":[{"href":"https:\/\/info.sadowne.pl\/index.php?rest_route=\/wp\/v2\/posts"}],"about":[{"href":"https:\/\/info.sadowne.pl\/index.php?rest_route=\/wp\/v2\/types\/post"}],"author":[{"embeddable":true,"href":"https:\/\/info.sadowne.pl\/index.php?rest_route=\/wp\/v2\/users\/1"}],"replies":[{"embeddable":true,"href":"https:\/\/info.sadowne.pl\/index.php?rest_route=%2Fwp%2Fv2%2Fcomments&post=25219"}],"version-history":[{"count":1,"href":"https:\/\/info.sadowne.pl\/index.php?rest_route=\/wp\/v2\/posts\/25219\/revisions"}],"predecessor-version":[{"id":25220,"href":"https:\/\/info.sadowne.pl\/index.php?rest_route=\/wp\/v2\/posts\/25219\/revisions\/25220"}],"wp:attachment":[{"href":"https:\/\/info.sadowne.pl\/index.php?rest_route=%2Fwp%2Fv2%2Fmedia&parent=25219"}],"wp:term":[{"taxonomy":"category","embeddable":true,"href":"https:\/\/info.sadowne.pl\/index.php?rest_route=%2Fwp%2Fv2%2Fcategories&post=25219"},{"taxonomy":"post_tag","embeddable":true,"href":"https:\/\/info.sadowne.pl\/index.php?rest_route=%2Fwp%2Fv2%2Ftags&post=25219"}],"curies":[{"name":"wp","href":"https:\/\/api.w.org\/{rel}","templated":true}]}}