{"id":25225,"date":"2021-11-06T16:14:46","date_gmt":"2021-11-06T15:14:46","guid":{"rendered":"http:\/\/info.sadowne.pl\/?p=25225"},"modified":"2021-11-06T16:14:46","modified_gmt":"2021-11-06T15:14:46","slug":"za-tym-lasem","status":"publish","type":"post","link":"https:\/\/info.sadowne.pl\/?p=25225","title":{"rendered":"Za tym lasem\u2026"},"content":{"rendered":"<p><a href=\"http:\/\/info.sadowne.pl\/wp-content\/uploads\/2021\/11\/2021.11.06.1.jpg\" target=\"_blank\" rel=\"noopener\"><img loading=\"lazy\" decoding=\"async\" class=\"alignleft wp-image-25226 size-thumbnail\" src=\"http:\/\/info.sadowne.pl\/wp-content\/uploads\/2021\/11\/2021.11.06.1-180x130.jpg\" alt=\"\" width=\"180\" height=\"130\" \/><\/a><strong>Kolejny wiersz Wies\u0142awa Maliszewskiego z tematem le\u015bnym. Tak na marginesie, czy b\u0119dzie nam dobrze za tym lasem, kt\u00f3rego nie ma? <\/strong><!--more--><\/p>\n<p>*<\/p>\n<p>*<\/p>\n<p>*<\/p>\n<p>*<\/p>\n<p style=\"text-align: center;\"><strong>Bajka<\/strong><\/p>\n<p style=\"text-align: center;\">*<\/p>\n<p style=\"text-align: center;\">Za tym lasem,<\/p>\n<p style=\"text-align: center;\">kt\u00f3rego nie ma,<\/p>\n<p style=\"text-align: center;\">b\u0119dzie nasz dom:<\/p>\n<p style=\"text-align: center;\">st\u00f3\u0142,<\/p>\n<p style=\"text-align: center;\">krzes\u0142a,<\/p>\n<p style=\"text-align: center;\">cztery \u015bciany.<\/p>\n<p style=\"text-align: center;\">*<\/p>\n<p style=\"text-align: center;\">Odwiedzi nas ptak<\/p>\n<p style=\"text-align: center;\">powracaj\u0105cy.<\/p>\n<p style=\"text-align: center;\">S\u0142o\u0144ce co dzie\u0144<\/p>\n<p style=\"text-align: center;\">naleje w okna ciep\u0142a.<\/p>\n<p style=\"text-align: center;\">*<\/p>\n<p style=\"text-align: center;\">B\u0119dzie nam dobrze<\/p>\n<p style=\"text-align: center;\">w tym domu,<\/p>\n<p style=\"text-align: center;\">kt\u00f3ry b\u0119dzie,<\/p>\n<p style=\"text-align: center;\">za tym lasem,<\/p>\n<p style=\"text-align: center;\">kt\u00f3rego nie ma.<\/p>\n","protected":false},"excerpt":{"rendered":"<p>Kolejny wiersz Wies\u0142awa Maliszewskiego z tematem le\u015bnym. Tak na marginesie, czy b\u0119dzie nam dobrze za tym lasem, kt\u00f3rego nie ma?<\/p>\n","protected":false},"author":1,"featured_media":0,"comment_status":"closed","ping_status":"closed","sticky":false,"template":"","format":"standard","meta":{"footnotes":""},"categories":[5,48,6,108],"tags":[3653,49,51],"class_list":["post-25225","post","type-post","status-publish","format-standard","hentry","category-newsy","category-kacik-literacki","category-kultura-rozrywka-edukacja","category-okienko-poetyckie","tag-wiersz-bajka","tag-wiersze","tag-wieslaw-maliszewski"],"views":2265,"_links":{"self":[{"href":"https:\/\/info.sadowne.pl\/index.php?rest_route=\/wp\/v2\/posts\/25225","targetHints":{"allow":["GET"]}}],"collection":[{"href":"https:\/\/info.sadowne.pl\/index.php?rest_route=\/wp\/v2\/posts"}],"about":[{"href":"https:\/\/info.sadowne.pl\/index.php?rest_route=\/wp\/v2\/types\/post"}],"author":[{"embeddable":true,"href":"https:\/\/info.sadowne.pl\/index.php?rest_route=\/wp\/v2\/users\/1"}],"replies":[{"embeddable":true,"href":"https:\/\/info.sadowne.pl\/index.php?rest_route=%2Fwp%2Fv2%2Fcomments&post=25225"}],"version-history":[{"count":3,"href":"https:\/\/info.sadowne.pl\/index.php?rest_route=\/wp\/v2\/posts\/25225\/revisions"}],"predecessor-version":[{"id":25229,"href":"https:\/\/info.sadowne.pl\/index.php?rest_route=\/wp\/v2\/posts\/25225\/revisions\/25229"}],"wp:attachment":[{"href":"https:\/\/info.sadowne.pl\/index.php?rest_route=%2Fwp%2Fv2%2Fmedia&parent=25225"}],"wp:term":[{"taxonomy":"category","embeddable":true,"href":"https:\/\/info.sadowne.pl\/index.php?rest_route=%2Fwp%2Fv2%2Fcategories&post=25225"},{"taxonomy":"post_tag","embeddable":true,"href":"https:\/\/info.sadowne.pl\/index.php?rest_route=%2Fwp%2Fv2%2Ftags&post=25225"}],"curies":[{"name":"wp","href":"https:\/\/api.w.org\/{rel}","templated":true}]}}