{"id":25230,"date":"2021-11-08T16:52:02","date_gmt":"2021-11-08T15:52:02","guid":{"rendered":"http:\/\/info.sadowne.pl\/?p=25230"},"modified":"2021-11-08T16:52:02","modified_gmt":"2021-11-08T15:52:02","slug":"kronika-strazacka-01-07-listopada-2021","status":"publish","type":"post","link":"https:\/\/info.sadowne.pl\/?p=25230","title":{"rendered":"Kronika stra\u017cacka 01 \u2013 07 listopada 2021"},"content":{"rendered":"<p><strong><a href=\"http:\/\/info.sadowne.pl\/wp-content\/uploads\/2013\/07\/straz3.jpg\"><img loading=\"lazy\" decoding=\"async\" class=\"alignleft size-thumbnail wp-image-2625\" src=\"http:\/\/info.sadowne.pl\/wp-content\/uploads\/2013\/07\/straz3-180x130.jpg\" alt=\"\" width=\"180\" height=\"130\" \/><\/a>W<\/strong> <strong>okresie<\/strong><strong> 01 &#8211; 07.11.2021 <\/strong><strong>na<\/strong> <strong>terenie<\/strong> <strong>powiatu<\/strong> <strong>w\u0119growskiego<\/strong> <strong>zanotowano: <\/strong><strong>15 <\/strong><strong>zdarze\u0144,<\/strong> <strong>przy<\/strong> <strong>kt\u00f3rych<\/strong> <strong>interweniowa\u0142y<\/strong> <strong>jednostki<\/strong> <strong>ochrony<\/strong> <strong>przeciwpo\u017carowej, w tym:<\/strong><strong> 3 po\u017cary, 11 miejscowych zagro\u017ce\u0144 i 1 alarm fa\u0142szywy.<\/strong><!--more--><\/p>\n<p><strong>05.11.2021 &#8211; \u0141ojew, gm. \u0141och\u00f3w \u2013 Po\u017car budynku mieszkalnego.<\/strong><\/p>\n<p>Po przyje\u017adzie na miejsce zdarzenia zast\u0119p\u00f3w OSP \u0141och\u00f3w ul. Fabryczna oraz OSP Ostr\u00f3wek, stra\u017cacy stwierdzili, \u017ce dosz\u0142o do po\u017caru drewnianego budynku mieszkalnego. Dzia\u0142ania zast\u0119p\u00f3w polega\u0142y na zabezpieczeniu miejsca zdarzenia, od\u0142\u0105czeniu medi\u00f3w, podaniu dw\u00f3ch pr\u0105d\u00f3w ga\u015bniczych w natarciu. Dzia\u0142ania zast\u0119p\u00f3w doprowadzi\u0142y do lokalizacji po\u017caru. W celu dotarcia do ostatnich zarzewi ognia by\u0142a konieczna cz\u0119\u015bciowa rozbi\u00f3rka drewnianego stropu. Po\u017car zosta\u0142 ugaszony. Po oddymieniu budynek sprawdzono miernikiem wielogazowym, kt\u00f3ry nie wskaza\u0142 zagro\u017cenia. Na tym dzia\u0142ania zako\u0144czono.<\/p>\n<p><strong>06.11.2021 \u2013 Ossolin, gm. Liw \u2013 Kobieta wpad\u0142a do studni.<\/strong><\/p>\n<p>Po doje\u017adzie na miejsce zdarzenia zast\u0119pu OSP Wyszk\u00f3w, stra\u017cacy stwierdzili, \u017ce w miejscowo\u015bci Ossolin, wskutek nieszcz\u0119\u015bliwego wypadku, kobieta lat 92 wpad\u0142a do studni o g\u0142\u0119boko\u015bci ok. 8m, by\u0142a cz\u0119\u015bciowo zanurzona w wodzie. Poszkodowana by\u0142a przytomna, m\u00f3wi\u0142a. Dzia\u0142ania zast\u0119p\u00f3w polega\u0142y na zabezpieczeniu miejsca zdarzenia, oraz ewakuowaniu osoby poszkodowanej ze studni przy pomocy technik ratownictwa wysoko\u015bciowego (ratownik w pe\u0142nym zabezpieczeniu opuszczony do studni przy pomocy tr\u00f3jnogu). Po wyci\u0105gni\u0119ciu poszkodowanej ze studni (przytomna, z zachowanymi funkcjami \u017cyciowymi) dzia\u0142ania medyczne prowadzi\u0142 b\u0119d\u0105cy na miejscu ZRM, kt\u00f3ry zdecydowa\u0142 o transporcie kobiety do szpitala. Po odje\u017adzie ZRM dzia\u0142ania zako\u0144czono.<\/p>\n<p><strong>06.11.2021 \u2013 \u0141och\u00f3w \u2013 Wypadek<\/strong><strong>.<\/strong><\/p>\n<p>Po przybyciu na miejsce zdarzenia zast\u0119pu OSP \u0141och\u00f3w, KDR po rozpoznaniu stwierdzi\u0142, \u017ce w zdarzeniu bra\u0142 udzia\u0142 jeden samoch\u00f3d osobowy, kt\u00f3ry wpad\u0142 do rowu. Samochodem podr\u00f3\u017cowa\u0142y 2 osoby. Na miejscu jest zesp\u00f3\u0142 ZRM, kt\u00f3ry zajmuj\u0105 si\u0119 poszkodowanymi. Dzia\u0142ania OSP polega\u0142y na zabezpieczeniu i oznakowaniu miejsca zdarzenia, od\u0142\u0105czono akumulator w poje\u017adzie i kierowano wahad\u0142owo ruchem drogowym. Powsta\u0142e niewielkie wycieki p\u0142yn\u00f3w eksploatacyjnych usuni\u0119to przy pomocy sorbentu. Zast\u0119p OSP na pro\u015bb\u0119 Policji pozosta\u0142 w celu pomocy w zabezpieczeniu ruchu drogowego i o\u015bwietleniu miejsca. Po zako\u0144czeniu dzia\u0142a\u0144 Policji, zast\u0119p OSP wr\u00f3ci\u0142 do bazy.<\/p>\n<p><strong>KP PSP W\u0119gr\u00f3w<\/strong><\/p>\n","protected":false},"excerpt":{"rendered":"<p>W okresie 01 &#8211; 07.11.2021 na terenie powiatu w\u0119growskiego zanotowano: 15 zdarze\u0144, przy kt\u00f3rych interweniowa\u0142y jednostki ochrony przeciwpo\u017carowej, w tym: 3 po\u017cary, 11 miejscowych zagro\u017ce\u0144 i 1 alarm fa\u0142szywy.<\/p>\n","protected":false},"author":1,"featured_media":0,"comment_status":"closed","ping_status":"closed","sticky":false,"template":"","format":"standard","meta":{"footnotes":""},"categories":[5,4,267],"tags":[491,643],"class_list":["post-25230","post","type-post","status-publish","format-standard","hentry","category-newsy","category-policja-straz-pozarna-pogotowie-ratunkowe","category-straz-pozarna-policja-straz-pozarna-pogotowie-ratunkowe","tag-komenda-powiatowa-panstwowej-strazy-pozarnej-w-wegrowie","tag-kronika-strazacka"],"views":2227,"_links":{"self":[{"href":"https:\/\/info.sadowne.pl\/index.php?rest_route=\/wp\/v2\/posts\/25230","targetHints":{"allow":["GET"]}}],"collection":[{"href":"https:\/\/info.sadowne.pl\/index.php?rest_route=\/wp\/v2\/posts"}],"about":[{"href":"https:\/\/info.sadowne.pl\/index.php?rest_route=\/wp\/v2\/types\/post"}],"author":[{"embeddable":true,"href":"https:\/\/info.sadowne.pl\/index.php?rest_route=\/wp\/v2\/users\/1"}],"replies":[{"embeddable":true,"href":"https:\/\/info.sadowne.pl\/index.php?rest_route=%2Fwp%2Fv2%2Fcomments&post=25230"}],"version-history":[{"count":1,"href":"https:\/\/info.sadowne.pl\/index.php?rest_route=\/wp\/v2\/posts\/25230\/revisions"}],"predecessor-version":[{"id":25231,"href":"https:\/\/info.sadowne.pl\/index.php?rest_route=\/wp\/v2\/posts\/25230\/revisions\/25231"}],"wp:attachment":[{"href":"https:\/\/info.sadowne.pl\/index.php?rest_route=%2Fwp%2Fv2%2Fmedia&parent=25230"}],"wp:term":[{"taxonomy":"category","embeddable":true,"href":"https:\/\/info.sadowne.pl\/index.php?rest_route=%2Fwp%2Fv2%2Fcategories&post=25230"},{"taxonomy":"post_tag","embeddable":true,"href":"https:\/\/info.sadowne.pl\/index.php?rest_route=%2Fwp%2Fv2%2Ftags&post=25230"}],"curies":[{"name":"wp","href":"https:\/\/api.w.org\/{rel}","templated":true}]}}