{"id":25232,"date":"2021-11-10T17:53:19","date_gmt":"2021-11-10T16:53:19","guid":{"rendered":"http:\/\/info.sadowne.pl\/?p=25232"},"modified":"2021-11-10T17:53:19","modified_gmt":"2021-11-10T16:53:19","slug":"o-zarebach-koscielnych-na-lamach-archiwalnych-tygodnikow","status":"publish","type":"post","link":"https:\/\/info.sadowne.pl\/?p=25232","title":{"rendered":"O Zar\u0119bach Ko\u015bcielnych na \u0142amach archiwalnych tygodnik\u00f3w"},"content":{"rendered":"<p><strong><a href=\"http:\/\/info.sadowne.pl\/wp-content\/uploads\/2021\/11\/Brok62.jpg\" target=\"_blank\" rel=\"noopener\"><img loading=\"lazy\" decoding=\"async\" class=\"alignleft wp-image-25233 size-thumbnail\" src=\"http:\/\/info.sadowne.pl\/wp-content\/uploads\/2021\/11\/Brok62-180x130.jpg\" alt=\"\" width=\"180\" height=\"130\" \/><\/a>Kontynuujemy wycieczk\u0119 w czasie i przestrzeni po najdalszych zak\u0105tkach naszego brokowskiego mikrokosmosu. Byli\u015bmy ju\u017c w Czy\u017cewie, Stoczku i Por\u0119bie, a teraz przyszed\u0142 czas na Zar\u0119by Ko\u015bcielne.<\/strong><!--more--><\/p>\n<p>Najbardziej znamienit\u0105 i znan\u0105 budowl\u0105 tej miejscowo\u015bci jest zesp\u00f3\u0142 klasztorny reformat\u00f3w, kt\u00f3ry Szymon Zaremba ufundowa\u0142 w roku 1765, pono\u0107 w ramach pokuty za swe hulaszcze \u017cycie. Reformaci nie\u015bli m.in. pomoc okolicznym proboszczom w ich pracy duszpasterskiej. Rzeczywi\u015bcie w ksi\u0119gach parafii brokowskiej spotka\u0107 mo\u017cna imiona i nazwiska ojc\u00f3w i braci z Zar\u0105b, gdy z powodu choroby czy wyjazdu proboszcza lub wikarego, musieli wyr\u0119czy\u0107 miejscowego duchownego w jego zbo\u017cnym dziele. Braciszkowie z klasztoru przybywali w sukurs, gdy brokowscy parafianie t\u0142umnie stawali do wielkanocnych spowiedzi. Jeden z zar\u0119bskich braci zosta\u0142 nawet \u201epustelnikiem\u201d w podbrokowskich Bojanach, przy czym s\u0142owo pustelnik zosta\u0142o wzi\u0119te uj\u0119te w cudzys\u0142\u00f3w z rozmys\u0142em. O tym niezwyk\u0142ym miejscu i wielce oryginalnym mieszka\u0144cu eremu, opowiada zamieszczona na tej samej stronie internetowej opowie\u015b\u0107\u00a0<em>Pustelnik<\/em>.<\/p>\n<p><strong>Wi\u0119cej na stronie <span style=\"color: #0000ff;\"><a style=\"color: #0000ff;\" href=\"http:\/\/madzelan.cba.pl\/o-zarebach-koscielnych-na-lamach-archiwalnych-tygodnikow\/\" target=\"_blank\" rel=\"noopener\">http:\/\/madzelan.cba.pl\/o-zarebach-koscielnych-na-lamach-archiwalnych-tygodnikow\/<\/a><\/span><\/strong><\/p>\n","protected":false},"excerpt":{"rendered":"<p>Kontynuujemy wycieczk\u0119 w czasie i przestrzeni po najdalszych zak\u0105tkach naszego brokowskiego mikrokosmosu. Byli\u015bmy ju\u017c w Czy\u017cewie, Stoczku i Por\u0119bie, a teraz przyszed\u0142 czas na Zar\u0119by Ko\u015bcielne.<\/p>\n","protected":false},"author":1,"featured_media":0,"comment_status":"closed","ping_status":"closed","sticky":false,"template":"","format":"standard","meta":{"footnotes":""},"categories":[5,3436,31],"tags":[101,3004,2956,3654],"class_list":["post-25232","post","type-post","status-publish","format-standard","hentry","category-newsy","category-opowiesci-historie-legendy-brokowskie-i-nie-tylko","category-historia-gminy","tag-historia-gminy-sadowne","tag-jerzy-madzelan","tag-opowiesci-historie-legendy-brokowskie-i-nie-tylko","tag-zareby-koscielne"],"views":2002,"_links":{"self":[{"href":"https:\/\/info.sadowne.pl\/index.php?rest_route=\/wp\/v2\/posts\/25232","targetHints":{"allow":["GET"]}}],"collection":[{"href":"https:\/\/info.sadowne.pl\/index.php?rest_route=\/wp\/v2\/posts"}],"about":[{"href":"https:\/\/info.sadowne.pl\/index.php?rest_route=\/wp\/v2\/types\/post"}],"author":[{"embeddable":true,"href":"https:\/\/info.sadowne.pl\/index.php?rest_route=\/wp\/v2\/users\/1"}],"replies":[{"embeddable":true,"href":"https:\/\/info.sadowne.pl\/index.php?rest_route=%2Fwp%2Fv2%2Fcomments&post=25232"}],"version-history":[{"count":1,"href":"https:\/\/info.sadowne.pl\/index.php?rest_route=\/wp\/v2\/posts\/25232\/revisions"}],"predecessor-version":[{"id":25234,"href":"https:\/\/info.sadowne.pl\/index.php?rest_route=\/wp\/v2\/posts\/25232\/revisions\/25234"}],"wp:attachment":[{"href":"https:\/\/info.sadowne.pl\/index.php?rest_route=%2Fwp%2Fv2%2Fmedia&parent=25232"}],"wp:term":[{"taxonomy":"category","embeddable":true,"href":"https:\/\/info.sadowne.pl\/index.php?rest_route=%2Fwp%2Fv2%2Fcategories&post=25232"},{"taxonomy":"post_tag","embeddable":true,"href":"https:\/\/info.sadowne.pl\/index.php?rest_route=%2Fwp%2Fv2%2Ftags&post=25232"}],"curies":[{"name":"wp","href":"https:\/\/api.w.org\/{rel}","templated":true}]}}