{"id":25245,"date":"2021-11-13T19:29:10","date_gmt":"2021-11-13T18:29:10","guid":{"rendered":"http:\/\/info.sadowne.pl\/?p=25245"},"modified":"2021-11-13T19:29:10","modified_gmt":"2021-11-13T18:29:10","slug":"swieto-niepodleglosci-w-sadownem-2","status":"publish","type":"post","link":"https:\/\/info.sadowne.pl\/?p=25245","title":{"rendered":"\u015awi\u0119to Niepodleg\u0142o\u015bci w Sadownem"},"content":{"rendered":"<p><strong><a href=\"http:\/\/info.sadowne.pl\/wp-content\/uploads\/2021\/11\/2021.11.13.10.jpg\" target=\"_blank\" rel=\"noopener\"><img loading=\"lazy\" decoding=\"async\" class=\"alignleft wp-image-25246 size-thumbnail\" src=\"http:\/\/info.sadowne.pl\/wp-content\/uploads\/2021\/11\/2021.11.13.10-180x130.jpg\" alt=\"\" width=\"180\" height=\"130\" \/><\/a>11 listopada 2021 w Sadownem obchodzono 103. rocznic\u0119 odzyskania przez Polsk\u0119 niepodleg\u0142o\u015bci.<\/strong><!--more--><\/p>\n<p><strong> Uroczysto\u015bci rozpocz\u0119\u0142a msza \u015bw. za Ojczyzn\u0119 w miejscowym ko\u015bciele parafialnym oraz z\u0142o\u017cenie kwiat\u00f3w w miejscach upami\u0119tniaj\u0105cych mieszka\u0144c\u00f3w gminy Sadowne walcz\u0105cych o niepodleg\u0142o\u015b\u0107.<\/strong><\/p>\n<p>Drug\u0105 cz\u0119\u015b\u0107 obchod\u00f3w tego \u015awi\u0119ta rozpocz\u0119to gr\u0105 terenow\u0105. W zabawie wzi\u0119\u0142o udzia\u0142 8 dru\u017cyn, kt\u00f3re mia\u0142y do wykonania 8 zada\u0144 w terenie. Uczestnicy musieli udzieli\u0107 pierwszej pomocy, przej\u015b\u0107 przez labirynt z zawi\u0105zanymi oczami, odpowiedzie\u0107 na kilka pyta\u0144 dotycz\u0105cych historii i tera\u017aniejszo\u015bci gminy Sadowne, za\u015bpiewa\u0107, wykaza\u0107 si\u0119 znajomo\u015bci\u0105 przys\u0142\u00f3w oraz wykaza\u0107 si\u0119 zr\u0119czno\u015bci\u0105 w strzelaniu z \u0142uku i rzucie szyszk\u0105. Poni\u017cej punktacja dru\u017cyn:<\/p>\n<ol>\n<li>Misiaczki \u2013 116,5 pkt.<\/li>\n<li>Krem\u00f3weczki \u2013 79 pkt.<\/li>\n<li>OSP KSRG Sadowne &#8211; 76,5 pkt.<\/li>\n<li>W\u0142\u00f3czykije Ostr\u00f3wek \u2013 72 pkt.<\/li>\n<li>Or\u0142y 123 &#8211; 71 pkt.<\/li>\n<li>Wicher Sadowne- 69 pkt.<\/li>\n<li>KSM \u0141osie (z seniorami z Sadownego) &#8211; 65 pkt.<\/li>\n<li>Kamraci \u2013 63 pkt.<\/li>\n<\/ol>\n<p>Gr\u0119 terenow\u0105 dru\u017cyny zako\u0144czy\u0142y wykonuj\u0105c ostatnie zadanie na polanie le\u015bnej Ko\u0142a \u0141owieckiego \u015bw. Huberta, na kt\u00f3rej ju\u017c na dobre trwa\u0142 piknik. Zawodnikom gry terenowej wr\u0119czono pami\u0105tkowe medale, a zajmuj\u0105cych trzy pierwsze miejsca nagrodzono upominkami nawi\u0105zuj\u0105cymi do wydarzenia. Gratulujemy im i dzi\u0119kujemy za udzia\u0142.<\/p>\n<p>Uczestnik\u00f3w pikniku cz\u0119stowano groch\u00f3wk\u0105 z prawdziwej kuchni polowej, a przy ognisku pieczono kie\u0142baski. W takiej biesiadnej atmosferze rozpocz\u0105\u0142 si\u0119 wsp\u00f3lny \u015bpiew pie\u015bni patriotycznych. W ten spos\u00f3b zako\u0144czyli\u015bmy ten \u015bwi\u0105teczny wiecz\u00f3r.<\/p>\n<p>Bardzo dzi\u0119kujemy 123 Dru\u017cynie Harcerskiej \u201eW\u0142\u00f3czykije\u201d z Sadownego za zorganizowanie i przeprowadzenie gry terenowej, OSP KSRG Sadowne za pomoc techniczn\u0105 i o\u015bwietlenie, OSP Sok\u00f3\u0142ka za wypo\u017cyczenie kuchni polowej, Panu Krzysztofowi K\u0105dzieli za pomoc, a szczeg\u00f3lnie za to, \u017ce pilnowa\u0142 \u017ceby ognisko nie zgas\u0142o. Podzi\u0119kowania nale\u017c\u0105 si\u0119 pracownikom GOK i biblioteki za przygotowanie gor\u0105cego pocz\u0119stunku, opraw\u0119 muzyczn\u0105, zaplecze techniczne i \u201eca\u0142\u0105 reszt\u0119\u201d, a Lasom Pa\u0144stwowym i Nadle\u015bnictwu w \u0141ochowie za pomoc i wsparcie nie tylko podczas tego \u015awi\u0119ta.<\/p>\n<p><span style=\"color: #0000ff;\"><a style=\"color: #0000ff;\" href=\"https:\/\/photos.app.goo.gl\/MSeJoC6QQe24LcZa6\" target=\"_blank\" rel=\"noopener\"><strong>Zdj\u0119cia w galerii Google&gt;&gt;&gt;<\/strong><\/a><\/span><\/p>\n<p><strong>Tekst\/Foto:<\/strong> <strong>Ewa Pi\u00f3rkowska<\/strong><\/p>\n<p><strong>Uwaga! Relacj\u0119 z przedpo\u0142udniowych uroczysto\u015bci i nie tylko mo\u017cna obejrze\u0107 na fecebookowych stronach: Urz\u0119du Gminy w Sadownem, 123 Dru\u017cyny Harcerskiej \u201eW\u0142\u00f3czykije w Sadownem i OSP KSRG w Sadownem.<\/strong><\/p>\n","protected":false},"excerpt":{"rendered":"<p>11 listopada 2021 w Sadownem obchodzono 103. rocznic\u0119 odzyskania przez Polsk\u0119 niepodleg\u0142o\u015bci.<\/p>\n","protected":false},"author":1,"featured_media":0,"comment_status":"closed","ping_status":"closed","sticky":false,"template":"","format":"standard","meta":{"footnotes":""},"categories":[5,2149,91,6],"tags":[1937,1827,169,2240],"class_list":["post-25245","post","type-post","status-publish","format-standard","hentry","category-newsy","category-gminna-biblioteka-publiczna","category-gminny-osrodek-kultury","category-kultura-rozrywka-edukacja","tag-123-druzyna-harcerska-wloczykije-w-sadownem","tag-gmina-sadowne","tag-gminny-osrodek-kultury-w-sadownem","tag-swieto-niepodleglosci"],"views":2733,"_links":{"self":[{"href":"https:\/\/info.sadowne.pl\/index.php?rest_route=\/wp\/v2\/posts\/25245","targetHints":{"allow":["GET"]}}],"collection":[{"href":"https:\/\/info.sadowne.pl\/index.php?rest_route=\/wp\/v2\/posts"}],"about":[{"href":"https:\/\/info.sadowne.pl\/index.php?rest_route=\/wp\/v2\/types\/post"}],"author":[{"embeddable":true,"href":"https:\/\/info.sadowne.pl\/index.php?rest_route=\/wp\/v2\/users\/1"}],"replies":[{"embeddable":true,"href":"https:\/\/info.sadowne.pl\/index.php?rest_route=%2Fwp%2Fv2%2Fcomments&post=25245"}],"version-history":[{"count":1,"href":"https:\/\/info.sadowne.pl\/index.php?rest_route=\/wp\/v2\/posts\/25245\/revisions"}],"predecessor-version":[{"id":25247,"href":"https:\/\/info.sadowne.pl\/index.php?rest_route=\/wp\/v2\/posts\/25245\/revisions\/25247"}],"wp:attachment":[{"href":"https:\/\/info.sadowne.pl\/index.php?rest_route=%2Fwp%2Fv2%2Fmedia&parent=25245"}],"wp:term":[{"taxonomy":"category","embeddable":true,"href":"https:\/\/info.sadowne.pl\/index.php?rest_route=%2Fwp%2Fv2%2Fcategories&post=25245"},{"taxonomy":"post_tag","embeddable":true,"href":"https:\/\/info.sadowne.pl\/index.php?rest_route=%2Fwp%2Fv2%2Ftags&post=25245"}],"curies":[{"name":"wp","href":"https:\/\/api.w.org\/{rel}","templated":true}]}}