{"id":25250,"date":"2021-11-15T15:27:45","date_gmt":"2021-11-15T14:27:45","guid":{"rendered":"http:\/\/info.sadowne.pl\/?p=25250"},"modified":"2021-11-15T15:27:45","modified_gmt":"2021-11-15T14:27:45","slug":"kronika-strazacka-08-14-11-2021","status":"publish","type":"post","link":"https:\/\/info.sadowne.pl\/?p=25250","title":{"rendered":"Kronika stra\u017cacka 08 \u2013 14.11.2021"},"content":{"rendered":"<p><strong><a href=\"http:\/\/info.sadowne.pl\/wp-content\/uploads\/2013\/07\/straz3.jpg\"><img loading=\"lazy\" decoding=\"async\" class=\"alignleft size-thumbnail wp-image-2625\" src=\"http:\/\/info.sadowne.pl\/wp-content\/uploads\/2013\/07\/straz3-180x130.jpg\" alt=\"\" width=\"180\" height=\"130\" \/><\/a>W<\/strong><strong> okresie<\/strong><strong> od<\/strong><strong> 08 &#8211; 14.11.2021 na<\/strong><strong> terenie<\/strong><strong> powiatu<\/strong><strong> w\u0119growskiego<\/strong><strong> zanotowano: <\/strong><strong>15 zdarze\u0144,<\/strong><strong> przy<\/strong><strong> kt\u00f3rych<\/strong><strong> interweniowa\u0142y<\/strong><strong> jednostki<\/strong><strong> ochrony<\/strong><strong> przeciwpo\u017carowej, w tym:<\/strong><strong> 6 po\u017car\u00f3w, 7 miejscowych zagro\u017ce\u0144 i 2 alarmy fa\u0142szywe.<\/strong><!--more--><\/p>\n<p><strong>08.11.2021 \u2013 Cierpi\u0119ta, gm. Wierzbno \u2013 po\u017car sam. osobowego.<\/strong><\/p>\n<p>Przyby\u0142y na miejsce zast\u0119p OSP w wyniku rozpoznania stwierdzi\u0142, i\u017c pali si\u0119 komora silnika samochodu osobowego Audi A3, nikt nie odni\u00f3s\u0142 obra\u017ce\u0144 cia\u0142a. Zast\u0119p przy u\u017cyciu podr\u0119cznego sprz\u0119tu burz\u0105cego otworzy\u0142 pokryw\u0119 komory silnika, a nast\u0119pnie poda\u0142 pr\u0105d piany ci\u0119\u017ckiej doprowadzaj\u0105c do lokalizacji i ugaszenia po\u017caru. Uleg\u0142o zniszczeniu lub spaleniu: prz\u00f3d pojazdu Audi A3.<\/p>\n<p><strong>10.11.2021 <\/strong>\u2013 <strong>Skar\u017cyn,<\/strong> <strong>gm. Wierzbno \u2013 wypadek komunikacyjny.<\/strong><\/p>\n<p>Dosz\u0142o do uderzenia samochodu osobowego w drzewo. Pojazdem podr\u00f3\u017cowa\u0142 jedynie kierowca (nieprzytomny, z zachowanym prawid\u0142owym oddechem, zakleszczony w poje\u017adzie). Dzia\u0142ania zast\u0119pu polega\u0142y na zabezpieczeniu miejsca zdarzenia oraz wykonywaniu dost\u0119pu do osoby poszkodowanej za pomoc\u0105 narz\u0119dzi hydraulicznych z jednoczesnym udzielaniem kwalifikowanej pierwszej pomocy. Nast\u0119pnie poszkodowany zosta\u0142\u00a0 przekazany ZRM. Nast\u0119pnie przetransportowano m\u0119\u017cczyzn\u0119 w miejsce l\u0105dowania LPR. Podczas prowadzonych medycznych czynno\u015bci ratunkowych poszkodowany utraci\u0142 czynno\u015bci \u017cyciowe, kt\u00f3rych nie uda\u0142o si\u0119 odzyska\u0107 i lekarz stwierdzi\u0142 zgon m\u0119\u017cczyzny.<\/p>\n<p><strong>11.11.2021 \u2013 W\u0119gr\u00f3w, ul. Palloniego \u2013 zalana piwnica w budynku wielorodzinnym.<\/strong><\/p>\n<p>Do SK KP wp\u0142yn\u0119\u0142o zg\u0142oszenie telefoniczne od konserwatora Sp\u00f3\u0142dzielni Mieszkaniowej Podlasianka z pro\u015bb\u0105 o pomoc w wypompowaniu wody z piwnicy bloku mieszkalnego po uszkodzeniu sieci wodoci\u0105gowej. Do zdarzenia zosta\u0142a zadysponowana jednostka OSP W\u0119gr\u00f3w. Po przybyciu na miejsce zdarzenia KDR stwierdzi\u0142, \u017ce w wyniku uszkodzenia zaworu sieci wodoci\u0105gu wody zimnej wewn\u0105trz piwnicy, zosta\u0142a zalana pod\u0142oga wod\u0105 w ilo\u015bci ok. 7 m3. Ratownicy przy u\u017cyciu pompy elektrycznej do wody brudnej i agregatu pr\u0105dotw\u00f3rczego wypompowali wod\u0119 z zalanych pomieszcze\u0144 piwnicy.<\/p>\n<p><strong>12.11.2021 \u2013 Mata\u0142y, gm. \u0141och\u00f3w \u2013 po\u017car samochodu osobowego.<\/strong><strong>\u00a0<\/strong><\/p>\n<p>Na skrzy\u017cowaniu w miejscowo\u015bci Mata\u0142y dosz\u0142o do zapalenia si\u0119 samochodu osobowego. Dzia\u0142ania zast\u0119pu polega\u0142y na zabezpieczeniu miejsca zdarzenia oraz podaniu jednego pr\u0105du wody na pal\u0105cy si\u0119 samoch\u00f3d. Dzia\u0142ania zast\u0119pu doprowadzi\u0142y do ugaszenia po\u017caru. Uleg\u0142o zniszczeniu lub spaleniu: samoch\u00f3d osobowy &#8211; Ford Fiesta. Przypuszczalna przyczyna zdarzenia: zwarcie instalacji elektrycznej.<\/p>\n<p><strong>KP PSP W\u0119gr\u00f3w<\/strong><\/p>\n","protected":false},"excerpt":{"rendered":"<p>W okresie od 08 &#8211; 14.11.2021 na terenie powiatu w\u0119growskiego zanotowano: 15 zdarze\u0144, przy kt\u00f3rych interweniowa\u0142y jednostki ochrony przeciwpo\u017carowej, w tym: 6 po\u017car\u00f3w, 7 miejscowych zagro\u017ce\u0144 i 2 alarmy fa\u0142szywe.<\/p>\n","protected":false},"author":1,"featured_media":0,"comment_status":"closed","ping_status":"closed","sticky":false,"template":"","format":"standard","meta":{"footnotes":""},"categories":[5,4,267],"tags":[491,643],"class_list":["post-25250","post","type-post","status-publish","format-standard","hentry","category-newsy","category-policja-straz-pozarna-pogotowie-ratunkowe","category-straz-pozarna-policja-straz-pozarna-pogotowie-ratunkowe","tag-komenda-powiatowa-panstwowej-strazy-pozarnej-w-wegrowie","tag-kronika-strazacka"],"views":2164,"_links":{"self":[{"href":"https:\/\/info.sadowne.pl\/index.php?rest_route=\/wp\/v2\/posts\/25250","targetHints":{"allow":["GET"]}}],"collection":[{"href":"https:\/\/info.sadowne.pl\/index.php?rest_route=\/wp\/v2\/posts"}],"about":[{"href":"https:\/\/info.sadowne.pl\/index.php?rest_route=\/wp\/v2\/types\/post"}],"author":[{"embeddable":true,"href":"https:\/\/info.sadowne.pl\/index.php?rest_route=\/wp\/v2\/users\/1"}],"replies":[{"embeddable":true,"href":"https:\/\/info.sadowne.pl\/index.php?rest_route=%2Fwp%2Fv2%2Fcomments&post=25250"}],"version-history":[{"count":1,"href":"https:\/\/info.sadowne.pl\/index.php?rest_route=\/wp\/v2\/posts\/25250\/revisions"}],"predecessor-version":[{"id":25251,"href":"https:\/\/info.sadowne.pl\/index.php?rest_route=\/wp\/v2\/posts\/25250\/revisions\/25251"}],"wp:attachment":[{"href":"https:\/\/info.sadowne.pl\/index.php?rest_route=%2Fwp%2Fv2%2Fmedia&parent=25250"}],"wp:term":[{"taxonomy":"category","embeddable":true,"href":"https:\/\/info.sadowne.pl\/index.php?rest_route=%2Fwp%2Fv2%2Fcategories&post=25250"},{"taxonomy":"post_tag","embeddable":true,"href":"https:\/\/info.sadowne.pl\/index.php?rest_route=%2Fwp%2Fv2%2Ftags&post=25250"}],"curies":[{"name":"wp","href":"https:\/\/api.w.org\/{rel}","templated":true}]}}