{"id":25260,"date":"2021-11-15T21:33:15","date_gmt":"2021-11-15T20:33:15","guid":{"rendered":"http:\/\/info.sadowne.pl\/?p=25260"},"modified":"2021-11-15T21:33:15","modified_gmt":"2021-11-15T20:33:15","slug":"sukcesy-karatekow-w-bialymstoku-i-radzyminie","status":"publish","type":"post","link":"https:\/\/info.sadowne.pl\/?p=25260","title":{"rendered":"Sukcesy karatek\u00f3w w Bia\u0142ymstoku i Radzyminie"},"content":{"rendered":"<p><strong><a href=\"http:\/\/info.sadowne.pl\/wp-content\/uploads\/2021\/11\/2021.11.15.11.jpg\" target=\"_blank\" rel=\"noopener\"><img loading=\"lazy\" decoding=\"async\" class=\"alignleft wp-image-25261 size-thumbnail\" src=\"http:\/\/info.sadowne.pl\/wp-content\/uploads\/2021\/11\/2021.11.15.11-180x130.jpg\" alt=\"\" width=\"180\" height=\"130\" \/><\/a>W dniu 30 pa\u017adziernika 2021 w Bia\u0142ymstoku odby\u0142 si\u0119 Mi\u0119dzynarodowy Turniej Karate Kyokushin Podlasie Cup. <\/strong><!--more--><\/p>\n<p>W zawodach wystartowali zawodnicy z Brokowskiego Klubu Karate Kyokushinkai: Wiktoria Tararuj i Micha\u0142 Winarski. Na turniej przyby\u0142o wielu utytu\u0142owanych zawodnik\u00f3w w r\u00f3\u017cnych kategoriach. Nie \u0142atwo by\u0142o o zdobycie miejsca medalowego.<\/p>\n<p>Wiktoria w pierwszej rundzie spotka\u0142a si\u0119 z zawodniczk\u0105 z Ostro\u0142\u0119ki, kt\u00f3ra zaskoczy\u0142a szybkim kopni\u0119ciem frontalnym i zdoby\u0142a przewag\u0119 nad nasz\u0105 reprezentantk\u0105. Micha\u0142 natomiast w strefie medalowej da\u0142 si\u0119 zaskoczy\u0107 kopni\u0119ciem okr\u0119\u017cnym na stref\u0119 g\u0142owy i przegra\u0142 walk\u0119 o wej\u015bcie do fina\u0142u. Micha\u0142 wr\u00f3ci\u0142 z br\u0105zowym medalem.<\/p>\n<p>A na Grand Prix Mazowsza KARATE srebro!<\/p>\n<p>W dniu 7 listopada 2021 w Radzyminie odby\u0142 si\u0119 Grand Prix Mazowsza KARATE \u2013 Wojew\u00f3dzkie Mistrzostwa M\u0142odzik\u00f3w. W zawodach wystartowali zawodnicy z Brokowskiego Klubu Karate Kyokushinkai: Jakub Fidura z sekcji Brok i Szymon Krasnod\u0119bski z sekcji Sadowne.<\/p>\n<p>Jakub nie zdo\u0142a\u0142 przebrn\u0105\u0107 przez walki eliminacyjne i turniej zako\u0144czy\u0142 poza podium. Natomiast Szymon zaj\u0105\u0142 II miejsce. Po ci\u0119\u017ckich walkach eliminacyjnych z dogrywk\u0105 doszed\u0142 do fina\u0142u. W walce fina\u0142owej nie uda\u0142o si\u0119 pokona\u0107 znacznie bardziej do\u015bwiadczonego zawodnika z Ostro\u0142\u0119ki. Nale\u017cy podkre\u015bli\u0107, \u017ce by\u0142 to pierwszy start Szymona w du\u017cym turnieju.<\/p>\n<p>W Radzyminie walczy\u0142o 220 zawodnik\u00f3w z terenu Mazowsza z rocznik\u00f3w 2009 \u2013 2013.<\/p>\n\n\t\t<style type=\"text\/css\">\n\t\t\t#gallery-1 {\n\t\t\t\tmargin: auto;\n\t\t\t}\n\t\t\t#gallery-1 .gallery-item {\n\t\t\t\tfloat: left;\n\t\t\t\tmargin-top: 10px;\n\t\t\t\ttext-align: center;\n\t\t\t\twidth: 33%;\n\t\t\t}\n\t\t\t#gallery-1 img {\n\t\t\t\tborder: 2px solid #cfcfcf;\n\t\t\t}\n\t\t\t#gallery-1 .gallery-caption {\n\t\t\t\tmargin-left: 0;\n\t\t\t}\n\t\t\t\/* see gallery_shortcode() in wp-includes\/media.php *\/\n\t\t<\/style>\n\t\t<div id='gallery-1' class='gallery galleryid-25260 gallery-columns-3 gallery-size-thumbnail'><dl class='gallery-item'>\n\t\t\t<dt class='gallery-icon portrait'>\n\t\t\t\t<a href='https:\/\/info.sadowne.pl\/wp-content\/uploads\/2021\/11\/2021.11.15.12.jpg'><img loading=\"lazy\" decoding=\"async\" width=\"180\" height=\"130\" src=\"https:\/\/info.sadowne.pl\/wp-content\/uploads\/2021\/11\/2021.11.15.12-180x130.jpg\" class=\"attachment-thumbnail size-thumbnail\" alt=\"\" \/><\/a>\n\t\t\t<\/dt><\/dl><dl class='gallery-item'>\n\t\t\t<dt class='gallery-icon portrait'>\n\t\t\t\t<a href='https:\/\/info.sadowne.pl\/wp-content\/uploads\/2021\/11\/2021.11.15.13.jpg'><img loading=\"lazy\" decoding=\"async\" width=\"180\" height=\"130\" src=\"https:\/\/info.sadowne.pl\/wp-content\/uploads\/2021\/11\/2021.11.15.13-180x130.jpg\" class=\"attachment-thumbnail size-thumbnail\" alt=\"\" \/><\/a>\n\t\t\t<\/dt><\/dl><dl class='gallery-item'>\n\t\t\t<dt class='gallery-icon portrait'>\n\t\t\t\t<a href='https:\/\/info.sadowne.pl\/wp-content\/uploads\/2021\/11\/2021.11.15.14.jpg'><img loading=\"lazy\" decoding=\"async\" width=\"180\" height=\"130\" src=\"https:\/\/info.sadowne.pl\/wp-content\/uploads\/2021\/11\/2021.11.15.14-180x130.jpg\" class=\"attachment-thumbnail size-thumbnail\" alt=\"\" \/><\/a>\n\t\t\t<\/dt><\/dl><br style=\"clear: both\" \/><dl class='gallery-item'>\n\t\t\t<dt class='gallery-icon portrait'>\n\t\t\t\t<a href='https:\/\/info.sadowne.pl\/wp-content\/uploads\/2021\/11\/2021.11.15.15.jpg'><img loading=\"lazy\" decoding=\"async\" width=\"180\" height=\"130\" src=\"https:\/\/info.sadowne.pl\/wp-content\/uploads\/2021\/11\/2021.11.15.15-180x130.jpg\" class=\"attachment-thumbnail size-thumbnail\" alt=\"\" \/><\/a>\n\t\t\t<\/dt><\/dl><dl class='gallery-item'>\n\t\t\t<dt class='gallery-icon landscape'>\n\t\t\t\t<a href='https:\/\/info.sadowne.pl\/wp-content\/uploads\/2021\/11\/2021.11.15.11.jpg'><img loading=\"lazy\" decoding=\"async\" width=\"180\" height=\"130\" src=\"https:\/\/info.sadowne.pl\/wp-content\/uploads\/2021\/11\/2021.11.15.11-180x130.jpg\" class=\"attachment-thumbnail size-thumbnail\" alt=\"\" \/><\/a>\n\t\t\t<\/dt><\/dl>\n\t\t\t<br style='clear: both' \/>\n\t\t<\/div>\n\n<p><strong>Tekst\/foto:<\/strong> Zbigniew W\u00f3jcicki<\/p>\n","protected":false},"excerpt":{"rendered":"<p>W dniu 30 pa\u017adziernika 2021 w Bia\u0142ymstoku odby\u0142 si\u0119 Mi\u0119dzynarodowy Turniej Karate Kyokushin Podlasie Cup.<\/p>\n","protected":false},"author":1,"featured_media":0,"comment_status":"closed","ping_status":"closed","sticky":false,"template":"","format":"standard","meta":{"footnotes":""},"categories":[5,2029,7],"tags":[794,2030],"class_list":["post-25260","post","type-post","status-publish","format-standard","hentry","category-newsy","category-karate","category-sport","tag-brokowski-klub-karate-kyokushinkai","tag-zbigniew-wojcicki"],"views":2140,"_links":{"self":[{"href":"https:\/\/info.sadowne.pl\/index.php?rest_route=\/wp\/v2\/posts\/25260","targetHints":{"allow":["GET"]}}],"collection":[{"href":"https:\/\/info.sadowne.pl\/index.php?rest_route=\/wp\/v2\/posts"}],"about":[{"href":"https:\/\/info.sadowne.pl\/index.php?rest_route=\/wp\/v2\/types\/post"}],"author":[{"embeddable":true,"href":"https:\/\/info.sadowne.pl\/index.php?rest_route=\/wp\/v2\/users\/1"}],"replies":[{"embeddable":true,"href":"https:\/\/info.sadowne.pl\/index.php?rest_route=%2Fwp%2Fv2%2Fcomments&post=25260"}],"version-history":[{"count":1,"href":"https:\/\/info.sadowne.pl\/index.php?rest_route=\/wp\/v2\/posts\/25260\/revisions"}],"predecessor-version":[{"id":25266,"href":"https:\/\/info.sadowne.pl\/index.php?rest_route=\/wp\/v2\/posts\/25260\/revisions\/25266"}],"wp:attachment":[{"href":"https:\/\/info.sadowne.pl\/index.php?rest_route=%2Fwp%2Fv2%2Fmedia&parent=25260"}],"wp:term":[{"taxonomy":"category","embeddable":true,"href":"https:\/\/info.sadowne.pl\/index.php?rest_route=%2Fwp%2Fv2%2Fcategories&post=25260"},{"taxonomy":"post_tag","embeddable":true,"href":"https:\/\/info.sadowne.pl\/index.php?rest_route=%2Fwp%2Fv2%2Ftags&post=25260"}],"curies":[{"name":"wp","href":"https:\/\/api.w.org\/{rel}","templated":true}]}}