{"id":25280,"date":"2021-11-18T19:40:09","date_gmt":"2021-11-18T18:40:09","guid":{"rendered":"http:\/\/info.sadowne.pl\/?p=25280"},"modified":"2021-11-18T19:40:09","modified_gmt":"2021-11-18T18:40:09","slug":"syn-berka-w-broku","status":"publish","type":"post","link":"https:\/\/info.sadowne.pl\/?p=25280","title":{"rendered":"SYN BERKA W BROKU"},"content":{"rendered":"<p><strong><a href=\"http:\/\/info.sadowne.pl\/wp-content\/uploads\/2021\/11\/Brok63.jpg\" target=\"_blank\" rel=\"noopener\"><img loading=\"lazy\" decoding=\"async\" class=\"alignleft wp-image-25281 size-thumbnail\" src=\"http:\/\/info.sadowne.pl\/wp-content\/uploads\/2021\/11\/Brok63-180x130.jpg\" alt=\"\" width=\"180\" height=\"130\" \/><\/a>By\u0142 rok 1794, wybuch\u0142o powstanie. Tadeusz Ko\u015bciuszko wierzy\u0142, \u017ce jedyn\u0105 szans\u0105 na powodzenie insurekcji jest nadanie jej og\u00f3lnonarodowego charakteru. <\/strong><!--more--><\/p>\n<p>Za bro\u0144 mieli chwyci\u0107 wszyscy niezale\u017cnie od wyznania, narodowo\u015bci i\u00a0pochodzenia. Na warszawskich wa\u0142ach walczyli w zgodzie i z po\u015bwi\u0119ceniem: wielmo\u017ca i \u0142achmaniarz, mnich i ateusz. A \u017ce zdaniem naczelnika czu\u0107 si\u0119 Polakiem m\u00f3g\u0142 ka\u017cdy, to w t\u0142umie ludzi r\u00f3\u017cnych stan\u00f3w i zawod\u00f3w, zjawili si\u0119 i starozakonni. Obok Bartosza G\u0142owackiego, ch\u0142opa z Rz\u0119dowic, stan\u0105\u0142 szewc warszawski Jan Kili\u0144ski, a tak\u017ce Berek, syn Josla, \u017byd z litewskiej Kretyngi.<\/p>\n<p><strong>Wi\u0119cej na stronie <span style=\"color: #0000ff;\"><a style=\"color: #0000ff;\" href=\"http:\/\/madzelan.cba.pl\/syn-berka-w-broku\/\" target=\"_blank\" rel=\"noopener\">http:\/\/madzelan.cba.pl\/syn-berka-w-broku\/<\/a><\/span><\/strong><\/p>\n","protected":false},"excerpt":{"rendered":"<p>By\u0142 rok 1794, wybuch\u0142o powstanie. Tadeusz Ko\u015bciuszko wierzy\u0142, \u017ce jedyn\u0105 szans\u0105 na powodzenie insurekcji jest nadanie jej og\u00f3lnonarodowego charakteru.<\/p>\n","protected":false},"author":1,"featured_media":0,"comment_status":"closed","ping_status":"closed","sticky":false,"template":"","format":"standard","meta":{"footnotes":""},"categories":[5,3436,31],"tags":[101,3004,2956],"class_list":["post-25280","post","type-post","status-publish","format-standard","hentry","category-newsy","category-opowiesci-historie-legendy-brokowskie-i-nie-tylko","category-historia-gminy","tag-historia-gminy-sadowne","tag-jerzy-madzelan","tag-opowiesci-historie-legendy-brokowskie-i-nie-tylko"],"views":1971,"_links":{"self":[{"href":"https:\/\/info.sadowne.pl\/index.php?rest_route=\/wp\/v2\/posts\/25280","targetHints":{"allow":["GET"]}}],"collection":[{"href":"https:\/\/info.sadowne.pl\/index.php?rest_route=\/wp\/v2\/posts"}],"about":[{"href":"https:\/\/info.sadowne.pl\/index.php?rest_route=\/wp\/v2\/types\/post"}],"author":[{"embeddable":true,"href":"https:\/\/info.sadowne.pl\/index.php?rest_route=\/wp\/v2\/users\/1"}],"replies":[{"embeddable":true,"href":"https:\/\/info.sadowne.pl\/index.php?rest_route=%2Fwp%2Fv2%2Fcomments&post=25280"}],"version-history":[{"count":1,"href":"https:\/\/info.sadowne.pl\/index.php?rest_route=\/wp\/v2\/posts\/25280\/revisions"}],"predecessor-version":[{"id":25282,"href":"https:\/\/info.sadowne.pl\/index.php?rest_route=\/wp\/v2\/posts\/25280\/revisions\/25282"}],"wp:attachment":[{"href":"https:\/\/info.sadowne.pl\/index.php?rest_route=%2Fwp%2Fv2%2Fmedia&parent=25280"}],"wp:term":[{"taxonomy":"category","embeddable":true,"href":"https:\/\/info.sadowne.pl\/index.php?rest_route=%2Fwp%2Fv2%2Fcategories&post=25280"},{"taxonomy":"post_tag","embeddable":true,"href":"https:\/\/info.sadowne.pl\/index.php?rest_route=%2Fwp%2Fv2%2Ftags&post=25280"}],"curies":[{"name":"wp","href":"https:\/\/api.w.org\/{rel}","templated":true}]}}