{"id":25283,"date":"2021-11-18T21:12:18","date_gmt":"2021-11-18T20:12:18","guid":{"rendered":"http:\/\/info.sadowne.pl\/?p=25283"},"modified":"2021-11-18T22:48:14","modified_gmt":"2021-11-18T21:48:14","slug":"uwaga-glosujemy","status":"publish","type":"post","link":"https:\/\/info.sadowne.pl\/?p=25283","title":{"rendered":"UWAGA! G\u0141OSUJEMY!"},"content":{"rendered":"<p><strong><a href=\"http:\/\/info.sadowne.pl\/wp-content\/uploads\/2021\/11\/2021.11.18.1.jpg\" target=\"_blank\" rel=\"noopener\"><img loading=\"lazy\" decoding=\"async\" class=\"alignleft wp-image-25284 size-thumbnail\" src=\"http:\/\/info.sadowne.pl\/wp-content\/uploads\/2021\/11\/2021.11.18.1-180x130.jpg\" alt=\"\" width=\"180\" height=\"130\" \/><\/a>W wydawnictwie prasowym Polska Times rozpocz\u0105\u0142 si\u0119 Plebiscyt Edukacyjny 2021. W\u015br\u00f3d nominowanych znajduj\u0105 si\u0119 przedszkola i ich nauczyciele z gminy Sadowne. Oddajmy na nich g\u0142os \u2013 zas\u0142uguj\u0105 na to.<\/strong><!--more--><\/p>\n<p>W najwi\u0119kszym plebiscycie edukacyjnym w Polsce, kt\u00f3ry w wojew\u00f3dztwie mazowieckim prowadzony jest przez \u201ePolska Times\u201d, bior\u0105 udzia\u0142 dwa nasze przedszkola i sze\u015b\u0107 nauczycielek opiekuj\u0105cych si\u0119 w nich naszymi dzie\u0107mi. Dzi\u0119kujemy za zg\u0142oszenie ich do plebiscytu.<\/p>\n<p>Nazwa kategorii plebiscytu \u201ePrzedszkole roku\u201d i \u201eNauczyciel na Medal\u201d odwzorowuje ca\u0142okszta\u0142t dzia\u0142alno\u015bci zg\u0142oszonych plac\u00f3wek o\u015bwiatowych i zatrudnionych w nich nauczycieli. Co wi\u0119cej, na pewno si\u0119 Pa\u0144stwo zgodzicie ze mn\u0105, \u017ce zas\u0142uguj\u0105 one i oni na te tytu\u0142y. Jest to plebiscyt, a wi\u0119c istnieje te\u017c rywalizacja i tu zadanie dla nas wszystkich \u2013 trzeba zag\u0142osowa\u0107 na konkretne przedszkole lub nauczyciela, najlepiej wysy\u0142aj\u0105c SMS (to tylko 2,46 z VAT). Kto z terenu naszej gminy zosta\u0142 zg\u0142oszony do plebiscytu i jak zag\u0142osowa\u0107? Zobaczmy!<\/p>\n<p>Nale\u017cy wej\u015b\u0107 na stron\u0119 <strong><span style=\"color: #0000ff;\"><a style=\"color: #0000ff;\" href=\"https:\/\/polskatimes.pl\/wielki-plebiscyt-edukacyjny-rozpoczety-glosuj-na-nauczycieli-przedszkola-szkoly-i-uczelnie\/ar\/c5-15836539\" target=\"_blank\" rel=\"noopener\">https:\/\/polskatimes.pl\/wielki-plebiscyt-edukacyjny-rozpoczety-glosuj-na-nauczycieli-przedszkola-szkoly-i-uczelnie\/ar\/c5-15836539<\/a><\/span> <\/strong>i tam wybra\u0107 kategori\u0119:<\/p>\n<p><span style=\"color: #ff0000;\"><strong>Kategoria \u201eNauczyciel przedszkola\u201d<\/strong><\/span>, nast\u0119pnie klikamy na tabelk\u0119 \u201ewybierz miasto\u201d i klikamy na \u201epowiat w\u0119growski. Na li\u015bcie, po\u015br\u00f3d innych, znajduj\u0105 si\u0119 nauczyciele z gminy Sadowne:<\/p>\n<p><strong>&#8211; Agata S\u0119dek<\/strong>, Przedszkole w Sadownem &#8211; \u017ceby zag\u0142osowa\u0107, wy\u015blij SMS o tre\u015bci <strong>CMZ.682 <\/strong>na numer\u00a0<strong>72355<\/strong><\/p>\n<p><strong>&#8211; Jolanta G\u0142a\u017cewska<\/strong>, Przedszkole w Sadownem &#8211; \u017ceby zag\u0142osowa\u0107, wy\u015blij SMS o tre\u015bci <strong>CMZ.693 <\/strong>na numer\u00a0<strong>72355<\/strong><\/p>\n<p><strong>&#8211; Ewa Beata Gr\u0105dzka<\/strong>, Przedszkole w Sadownem &#8211; \u017ceby zag\u0142osowa\u0107, wy\u015blij SMS o tre\u015bci <strong>CMZ.689 <\/strong>na numer\u00a0<strong>72355<\/strong><\/p>\n<p><strong>&#8211; Agata K\u0105dziela<\/strong>, Przedszkole w Sadownem &#8211; \u017ceby zag\u0142osowa\u0107, wy\u015blij SMS o tre\u015bci <strong>CMZ.681 <\/strong>na numer\u00a0<strong>72355<\/strong><\/p>\n<p><strong>&#8211; Ewelina Decyk<\/strong>, Przedszkole w Grabinach &#8211; \u017ceby zag\u0142osowa\u0107, wy\u015blij SMS o tre\u015bci <strong>CMZ.691 <\/strong>na numer\u00a0<strong>72355<\/strong><\/p>\n<p><strong>&#8211; Ewa Karczmarczyk<\/strong>, Przedszkole w Grabinach &#8211; \u017ceby zag\u0142osowa\u0107, wy\u015blij SMS o tre\u015bci <strong>CMZ.690 <\/strong>na numer\u00a0<strong>72355<\/strong><\/p>\n<p><strong><span style=\"color: #ff0000;\">Kategoria \u201ePrzedszkole Roku\u201d<\/span>,<\/strong> nast\u0119pnie klikamy na tabelk\u0119 \u201ewybierz miasto\u201d i klikamy na \u201epowiat w\u0119growski. Na li\u015bcie, po\u015br\u00f3d innych, znajduj\u0105 si\u0119 przedszkola z gminy Sadowne:<\/p>\n<p><strong>&#8211; Przedszkole w Sadownem <\/strong>&#8211; \u017ceby zag\u0142osowa\u0107, wy\u015blij SMS o tre\u015bci <strong>TMZ.184 <\/strong>na numer\u00a0<strong>72355.<\/strong><\/p>\n<p><strong>&#8211; Przedszkole w Grabinach <\/strong>&#8211; \u017ceby zag\u0142osowa\u0107, wy\u015blij SMS o tre\u015bci <strong>TMZ.185 <\/strong>na numer\u00a0<strong>72355.<\/strong><\/p>\n<p><strong>W kategorii \u201eSzko\u0142a roku\u201d<\/strong> jest te\u017c sadowie\u0144ski Zesp\u00f3\u0142 Szk\u00f3\u0142 Ponadpodstawowych \u2013 g\u0142osuj\u0105c SMS-em wpisujemy <strong>SMZ.749<\/strong> i wysy\u0142amy na numer<strong> 72355<\/strong>. Prosz\u0119 r\u00f3wnie\u017c zajrze\u0107 do pozosta\u0142ych kategorii nauczycieli &#8211; te\u017c s\u0105 tam nasi.<\/p>\n<p>I tyle. Zach\u0119camy do g\u0142osowania: Rodzic\u00f3w, Babcie i Dziadk\u00f3w, Absolwent\u00f3w Przedszkola, Szko\u0142y, Znajomych i Sympatyk\u00f3w. Z g\u00f3ry dzi\u0119kujemy za oddane g\u0142osy.<\/p>\n<p><span style=\"color: #ff0000;\"><strong>Ale uwaga!<\/strong> <\/span>G\u0142osowanie w plebiscycie b\u0119dzie trwa\u0142o tylko <span style=\"color: #ff0000;\"><strong>do<\/strong>\u00a0<\/span><strong><span style=\"color: #ff0000;\">czwartku 2 grudnia 2021 roku do godz. 21.00<\/span><\/strong>. Wi\u0119cej informacji o plebiscycie mo\u017cna znale\u017a\u0107 w serwisie internetowym pod adresem:\u00a0 <span style=\"color: #0000ff;\"><strong><a style=\"color: #0000ff;\" href=\"http:\/\/www.polskatimes.pl\/nauczyciel\" target=\"_blank\" rel=\"noopener\">www.polskatimes.pl\/nauczyciel<\/a><\/strong><\/span><\/p>\n<p><strong>Tekst: <\/strong>S\u0142awek Chyli\u0144ski<\/p>\n<p><strong><br \/>\n<\/strong><strong>\u0179r\u00f3d\u0142o\/foto:<\/strong> <a href=\"http:\/\/www.polskatimes.pl\" target=\"_blank\" rel=\"noopener\">www.polskatimes.pl<\/a><\/p>\n","protected":false},"excerpt":{"rendered":"<p>W wydawnictwie prasowym Polska Times rozpocz\u0105\u0142 si\u0119 Plebiscyt Edukacyjny 2021. W\u015br\u00f3d nominowanych znajduj\u0105 si\u0119 przedszkola i ich nauczyciele z gminy Sadowne. Oddajmy na nich g\u0142os \u2013 zas\u0142uguj\u0105 na to.<\/p>\n","protected":false},"author":1,"featured_media":0,"comment_status":"closed","ping_status":"closed","sticky":false,"template":"","format":"standard","meta":{"footnotes":""},"categories":[5,1752,561,1120],"tags":[3665,3664,2286],"class_list":["post-25283","post","type-post","status-publish","format-standard","hentry","category-newsy","category-edukacja","category-przedszkole-w-sadownem","category-zespol-szkolno-przedszkolny-w-grabinach","tag-plebiscyt-polska-times","tag-przedszkole-w-grabinach","tag-przedszkole-w-sadownem"],"views":3099,"_links":{"self":[{"href":"https:\/\/info.sadowne.pl\/index.php?rest_route=\/wp\/v2\/posts\/25283","targetHints":{"allow":["GET"]}}],"collection":[{"href":"https:\/\/info.sadowne.pl\/index.php?rest_route=\/wp\/v2\/posts"}],"about":[{"href":"https:\/\/info.sadowne.pl\/index.php?rest_route=\/wp\/v2\/types\/post"}],"author":[{"embeddable":true,"href":"https:\/\/info.sadowne.pl\/index.php?rest_route=\/wp\/v2\/users\/1"}],"replies":[{"embeddable":true,"href":"https:\/\/info.sadowne.pl\/index.php?rest_route=%2Fwp%2Fv2%2Fcomments&post=25283"}],"version-history":[{"count":4,"href":"https:\/\/info.sadowne.pl\/index.php?rest_route=\/wp\/v2\/posts\/25283\/revisions"}],"predecessor-version":[{"id":25288,"href":"https:\/\/info.sadowne.pl\/index.php?rest_route=\/wp\/v2\/posts\/25283\/revisions\/25288"}],"wp:attachment":[{"href":"https:\/\/info.sadowne.pl\/index.php?rest_route=%2Fwp%2Fv2%2Fmedia&parent=25283"}],"wp:term":[{"taxonomy":"category","embeddable":true,"href":"https:\/\/info.sadowne.pl\/index.php?rest_route=%2Fwp%2Fv2%2Fcategories&post=25283"},{"taxonomy":"post_tag","embeddable":true,"href":"https:\/\/info.sadowne.pl\/index.php?rest_route=%2Fwp%2Fv2%2Ftags&post=25283"}],"curies":[{"name":"wp","href":"https:\/\/api.w.org\/{rel}","templated":true}]}}