{"id":25303,"date":"2021-11-30T20:17:58","date_gmt":"2021-11-30T19:17:58","guid":{"rendered":"http:\/\/info.sadowne.pl\/?p=25303"},"modified":"2021-11-30T20:20:44","modified_gmt":"2021-11-30T19:20:44","slug":"spotkanie-z-lesnikami","status":"publish","type":"post","link":"https:\/\/info.sadowne.pl\/?p=25303","title":{"rendered":"Spotkanie z Le\u015bnikami"},"content":{"rendered":"<p><strong><a href=\"http:\/\/info.sadowne.pl\/wp-content\/uploads\/2021\/11\/2021.11.30.2.jpg\" target=\"_blank\" rel=\"noopener\"><img loading=\"lazy\" decoding=\"async\" class=\"alignleft wp-image-25304 size-thumbnail\" src=\"http:\/\/info.sadowne.pl\/wp-content\/uploads\/2021\/11\/2021.11.30.2-180x130.jpg\" alt=\"\" width=\"180\" height=\"130\" \/><\/a>Dzieciaki ze Szko\u0142y Podstawowej w Orze\u0142ku postara\u0142y si\u0119, by zima nie by\u0142a tak straszna dla le\u015bnych zwierz\u0105t.<\/strong><!--more--><\/p>\n<p><em><a href=\"http:\/\/info.sadowne.pl\/wp-content\/uploads\/2021\/11\/2021.11.30.3.jpg\" target=\"_blank\" rel=\"noopener\"><img loading=\"lazy\" decoding=\"async\" class=\"alignright wp-image-25305 size-medium\" src=\"http:\/\/info.sadowne.pl\/wp-content\/uploads\/2021\/11\/2021.11.30.3-224x300.jpg\" alt=\"\" width=\"224\" height=\"300\" srcset=\"https:\/\/info.sadowne.pl\/wp-content\/uploads\/2021\/11\/2021.11.30.3-224x300.jpg 224w, https:\/\/info.sadowne.pl\/wp-content\/uploads\/2021\/11\/2021.11.30.3.jpg 596w\" sizes=\"auto, (max-width: 224px) 100vw, 224px\" \/><\/a>W ramach organizowanej pierwszy raz akcji, spo\u0142eczno\u015b\u0107 szkolna zbiera\u0142a kasztany i \u017co\u0142\u0119dzie, kt\u00f3re podczas zimowych ch\u0142od\u00f3w stanowi\u0107 b\u0119d\u0105 \u017ar\u00f3d\u0142o pokarmu dla le\u015bnych mieszka\u0144c\u00f3w. Kasztany to przysmak danieli, natomiast z \u017co\u0142\u0119dzi skorzystaj\u0105 dziki, sarny jak i daniele. W ci\u0105gu trwania akcji dzieci i m\u0142odzie\u017c zgromadzi\u0142y solidne zapasy karmy, kt\u00f3re na pewno b\u0119d\u0105 smakowa\u0107 czworono\u017cnym mieszka\u0144com kniei.\u00a0<\/em><\/p>\n<p><strong>Wi\u0119cej na stronie <span style=\"color: #0000ff;\"><a style=\"color: #0000ff;\" href=\"http:\/\/sporzelek.szkolnastrona.pl\/art,458,spotkanie-z-lesnikami\" target=\"_blank\" rel=\"noopener\">http:\/\/sporzelek.szkolnastrona.pl\/art,458,spotkanie-z-lesnikami<\/a><\/span><\/strong><\/p>\n<p><strong>\u0179r\u00f3d\u0142o:<\/strong> <a href=\"http:\/\/www.sporzelek.szkolnastrona.pl\">www.sporzelek.szkolnastrona.pl<\/a><\/p>\n","protected":false},"excerpt":{"rendered":"<p>Dzieciaki ze Szko\u0142y Podstawowej w Orze\u0142ku postara\u0142y si\u0119, by zima nie by\u0142a tak straszna dla le\u015bnych zwierz\u0105t.<\/p>\n","protected":false},"author":1,"featured_media":0,"comment_status":"closed","ping_status":"closed","sticky":false,"template":"","format":"standard","meta":{"footnotes":""},"categories":[5,1752,43],"tags":[937,3667],"class_list":["post-25303","post","type-post","status-publish","format-standard","hentry","category-newsy","category-edukacja","category-szkola-podstawowa-w-orzelku","tag-niepubliczna-szkola-podstawowa-w-orzelku","tag-spotkanie-z-lesnikami-w-orzelku"],"views":2294,"_links":{"self":[{"href":"https:\/\/info.sadowne.pl\/index.php?rest_route=\/wp\/v2\/posts\/25303","targetHints":{"allow":["GET"]}}],"collection":[{"href":"https:\/\/info.sadowne.pl\/index.php?rest_route=\/wp\/v2\/posts"}],"about":[{"href":"https:\/\/info.sadowne.pl\/index.php?rest_route=\/wp\/v2\/types\/post"}],"author":[{"embeddable":true,"href":"https:\/\/info.sadowne.pl\/index.php?rest_route=\/wp\/v2\/users\/1"}],"replies":[{"embeddable":true,"href":"https:\/\/info.sadowne.pl\/index.php?rest_route=%2Fwp%2Fv2%2Fcomments&post=25303"}],"version-history":[{"count":2,"href":"https:\/\/info.sadowne.pl\/index.php?rest_route=\/wp\/v2\/posts\/25303\/revisions"}],"predecessor-version":[{"id":25307,"href":"https:\/\/info.sadowne.pl\/index.php?rest_route=\/wp\/v2\/posts\/25303\/revisions\/25307"}],"wp:attachment":[{"href":"https:\/\/info.sadowne.pl\/index.php?rest_route=%2Fwp%2Fv2%2Fmedia&parent=25303"}],"wp:term":[{"taxonomy":"category","embeddable":true,"href":"https:\/\/info.sadowne.pl\/index.php?rest_route=%2Fwp%2Fv2%2Fcategories&post=25303"},{"taxonomy":"post_tag","embeddable":true,"href":"https:\/\/info.sadowne.pl\/index.php?rest_route=%2Fwp%2Fv2%2Ftags&post=25303"}],"curies":[{"name":"wp","href":"https:\/\/api.w.org\/{rel}","templated":true}]}}