{"id":25314,"date":"2021-12-02T12:52:02","date_gmt":"2021-12-02T11:52:02","guid":{"rendered":"http:\/\/info.sadowne.pl\/?p=25314"},"modified":"2021-12-02T12:52:02","modified_gmt":"2021-12-02T11:52:02","slug":"parafia-sadowne","status":"publish","type":"post","link":"https:\/\/info.sadowne.pl\/?p=25314","title":{"rendered":"Parafia Sadowne"},"content":{"rendered":"<p><strong><a href=\"http:\/\/info.sadowne.pl\/wp-content\/uploads\/2020\/05\/Brok27.jpg\" target=\"_blank\" rel=\"noopener\"><img loading=\"lazy\" decoding=\"async\" class=\"alignleft wp-image-23439 size-thumbnail\" src=\"http:\/\/info.sadowne.pl\/wp-content\/uploads\/2020\/05\/Brok27-180x130.jpg\" alt=\"\" width=\"180\" height=\"130\" \/><\/a>Ksi\u0119ga ochrzczonych 1775\u20131797.<\/strong><!--more--><\/p>\n<p><strong>Wpisy zawieraj\u0105 kolejno: dat\u0119 ochrzczenia i numer wpisu; miejsce narodzin; dane duchownego, kt\u00f3ry dziecko ochrzci\u0142; imi\u0119 i nazwisko ochrzczonego; imiona rodzic\u00f3w wraz ze skr\u00f3tem, okre\u015blaj\u0105cym ich przynale\u017cno\u015b\u0107 spo\u0142eczn\u0105; dane rodzic\u00f3w chrzestnych. <\/strong><\/p>\n<p>Ze wzgl\u0119du na wymagania w\u0142adz austriackich ko\u0144cowe wpisy z roku 1797 zawieraj\u0105 tak\u017ce numer domu lub skr\u00f3t bnd. je\u017celi numeru nie podano. We wcze\u015bniej opublikowanym opracowaniu zamie\u015bci\u0142em te wpisy z roku 1797, kt\u00f3re dokonano w formie tabeli.<\/p>\n<p><strong>Wi\u0119cej na stronie <span style=\"color: #0000ff;\"><a style=\"color: #0000ff;\" href=\"https:\/\/madzelan.cba.pl\/parafia-sadowne-ksiega-ochrzczonych-1775-1797\/\" target=\"_blank\" rel=\"noopener\">https:\/\/madzelan.cba.pl\/parafia-sadowne-ksiega-ochrzczonych-1775-1797\/<\/a><\/span><\/strong><\/p>\n","protected":false},"excerpt":{"rendered":"<p>Ksi\u0119ga ochrzczonych 1775\u20131797.<\/p>\n","protected":false},"author":1,"featured_media":0,"comment_status":"closed","ping_status":"closed","sticky":false,"template":"","format":"standard","meta":{"footnotes":""},"categories":[5,3436,31],"tags":[101,3004,2956],"class_list":["post-25314","post","type-post","status-publish","format-standard","hentry","category-newsy","category-opowiesci-historie-legendy-brokowskie-i-nie-tylko","category-historia-gminy","tag-historia-gminy-sadowne","tag-jerzy-madzelan","tag-opowiesci-historie-legendy-brokowskie-i-nie-tylko"],"views":2472,"_links":{"self":[{"href":"https:\/\/info.sadowne.pl\/index.php?rest_route=\/wp\/v2\/posts\/25314","targetHints":{"allow":["GET"]}}],"collection":[{"href":"https:\/\/info.sadowne.pl\/index.php?rest_route=\/wp\/v2\/posts"}],"about":[{"href":"https:\/\/info.sadowne.pl\/index.php?rest_route=\/wp\/v2\/types\/post"}],"author":[{"embeddable":true,"href":"https:\/\/info.sadowne.pl\/index.php?rest_route=\/wp\/v2\/users\/1"}],"replies":[{"embeddable":true,"href":"https:\/\/info.sadowne.pl\/index.php?rest_route=%2Fwp%2Fv2%2Fcomments&post=25314"}],"version-history":[{"count":1,"href":"https:\/\/info.sadowne.pl\/index.php?rest_route=\/wp\/v2\/posts\/25314\/revisions"}],"predecessor-version":[{"id":25315,"href":"https:\/\/info.sadowne.pl\/index.php?rest_route=\/wp\/v2\/posts\/25314\/revisions\/25315"}],"wp:attachment":[{"href":"https:\/\/info.sadowne.pl\/index.php?rest_route=%2Fwp%2Fv2%2Fmedia&parent=25314"}],"wp:term":[{"taxonomy":"category","embeddable":true,"href":"https:\/\/info.sadowne.pl\/index.php?rest_route=%2Fwp%2Fv2%2Fcategories&post=25314"},{"taxonomy":"post_tag","embeddable":true,"href":"https:\/\/info.sadowne.pl\/index.php?rest_route=%2Fwp%2Fv2%2Ftags&post=25314"}],"curies":[{"name":"wp","href":"https:\/\/api.w.org\/{rel}","templated":true}]}}