{"id":25316,"date":"2021-12-02T12:58:33","date_gmt":"2021-12-02T11:58:33","guid":{"rendered":"http:\/\/info.sadowne.pl\/?p=25316"},"modified":"2021-12-02T12:58:33","modified_gmt":"2021-12-02T11:58:33","slug":"bkkk-na-mistrzostwach-europy","status":"publish","type":"post","link":"https:\/\/info.sadowne.pl\/?p=25316","title":{"rendered":"BKKK na Mistrzostwach Europy"},"content":{"rendered":"<p><strong><a href=\"http:\/\/info.sadowne.pl\/wp-content\/uploads\/2021\/12\/2021.12.02.1-rotated.jpg\" target=\"_blank\" rel=\"noopener\"><img loading=\"lazy\" decoding=\"async\" class=\"alignleft wp-image-25317 size-thumbnail\" src=\"http:\/\/info.sadowne.pl\/wp-content\/uploads\/2021\/12\/2021.12.02.1-180x130.jpg\" alt=\"\" width=\"180\" height=\"130\" \/><\/a>W dniach 13-14.11.2021 w Katowicach odby\u0142y si\u0119 Wagowe Mistrzostwa Europy Karate Kyokushin IKO.<\/strong><!--more--><\/p>\n<p>W zawodach wzi\u0119\u0142o udzia\u0142 ponad 600 zawodnik\u00f3w z 22 kraj\u00f3w starego kontynentu. Organizacyjnie i sportowo zawody sta\u0142y na najwy\u017cszym poziomie. Reprezentacja Polski r\u00f3wnie\u017c nie zawiod\u0142a. W pierwszym dniu startowali juniorzy, w drugim seniorzy. Dru\u017cynowo pod wzgl\u0119dem zdobytych medali zar\u00f3wno w pierwszym dniu, jak i w drugim Polska zaj\u0119\u0142a II miejsce za Rosj\u0105.<\/p>\n<p>Nasz klub reprezentowa\u0142a Zofia Perzan w kategorii kumite junior\u00f3w 16-17 lat, kt\u00f3ra wygra\u0142a pierwszy pojedynek z reprezentantk\u0105 Hiszpanii. W drugim starciu Zosia uleg\u0142a w pojedynku z zawodniczk\u0105 z Rosji, kt\u00f3ra w tym dniu pokona\u0142a wszystkie swoje rywalki i zosta\u0142a Mistrzyni\u0105 Europy.<\/p>\n<p><strong><a href=\"http:\/\/info.sadowne.pl\/wp-content\/uploads\/2021\/12\/2021.12.02.2-rotated.jpg\" target=\"_blank\" rel=\"noopener\"><img loading=\"lazy\" decoding=\"async\" class=\"alignright wp-image-25318 size-medium\" src=\"http:\/\/info.sadowne.pl\/wp-content\/uploads\/2021\/12\/2021.12.02.2-225x300.jpg\" alt=\"\" width=\"225\" height=\"300\" srcset=\"https:\/\/info.sadowne.pl\/wp-content\/uploads\/2021\/12\/2021.12.02.2-225x300.jpg 225w, https:\/\/info.sadowne.pl\/wp-content\/uploads\/2021\/12\/2021.12.02.2-rotated.jpg 600w\" sizes=\"auto, (max-width: 225px) 100vw, 225px\" \/><\/a>Zosia po turnieju:<\/strong><\/p>\n<p><em>Dosta\u0142am si\u0119 do czo\u0142owej 8 najlepszych zawodniczek z ca\u0142ej Europy na 34 Wagowych Mistrzostwach Europy w kategorii Juniorek (16-17) &#8211; 60kg. Ci\u0119\u017cko przygotowywa\u0142am si\u0119 na te zawody i jestem z siebie nawet zadowolona. By\u0142y jakie\u015b niedoci\u0105gni\u0119cia, ale najgorsz\u0105 robot\u0119 zrobi\u0142 tu stres, kt\u00f3rego nie mog\u0142am opanowa\u0107. Ciesz\u0119 si\u0119 z tego, co do tej pory osi\u0105gn\u0119\u0142am, lecz jest niedosyt. Pierwsz\u0105 walk\u0119 wygra\u0142am z reprezentantk\u0105 Hiszpanii, a drug\u0105 walk\u0119 dzielnie przewalczy\u0142am z reprezentantk\u0105 Rosji, kt\u00f3ra zaj\u0119\u0142a 1 miejsce w tej kategorii, a ja, niestety, na tej walce zako\u0144czy\u0142am sw\u00f3j start. By\u0142a bardzo mi\u0142a i zdrowa atmosfera, a zawody sz\u0142y szybko i bezpiecznie. Na koniec chcia\u0142abym podzi\u0119kowa\u0107 mojemu trenerowi i klubowi za wsparcie i przygotowanie, a tak\u017ce mojej rodzinie i przyjacio\u0142om, kt\u00f3rzy r\u00f3wnie\u017c dali mi si\u0142\u0119 do dzia\u0142ania. Dzi\u0119kuj\u0119 r\u00f3wnie\u017c pani W\u00f3jt Ma\u0142kini za wsparcie finansowe wyjazdu do Katowic.<\/em><\/p>\n<p><strong>Tekst\/foto:<\/strong> Zbigniew W\u00f3jcicki<\/p>\n","protected":false},"excerpt":{"rendered":"<p>W dniach 13-14.11.2021 w Katowicach odby\u0142y si\u0119 Wagowe Mistrzostwa Europy Karate Kyokushin IKO.<\/p>\n","protected":false},"author":1,"featured_media":0,"comment_status":"closed","ping_status":"closed","sticky":false,"template":"","format":"standard","meta":{"footnotes":""},"categories":[5,2029,7],"tags":[794,2030,3332],"class_list":["post-25316","post","type-post","status-publish","format-standard","hentry","category-newsy","category-karate","category-sport","tag-brokowski-klub-karate-kyokushinkai","tag-zbigniew-wojcicki","tag-zofia-perzan"],"views":2059,"_links":{"self":[{"href":"https:\/\/info.sadowne.pl\/index.php?rest_route=\/wp\/v2\/posts\/25316","targetHints":{"allow":["GET"]}}],"collection":[{"href":"https:\/\/info.sadowne.pl\/index.php?rest_route=\/wp\/v2\/posts"}],"about":[{"href":"https:\/\/info.sadowne.pl\/index.php?rest_route=\/wp\/v2\/types\/post"}],"author":[{"embeddable":true,"href":"https:\/\/info.sadowne.pl\/index.php?rest_route=\/wp\/v2\/users\/1"}],"replies":[{"embeddable":true,"href":"https:\/\/info.sadowne.pl\/index.php?rest_route=%2Fwp%2Fv2%2Fcomments&post=25316"}],"version-history":[{"count":1,"href":"https:\/\/info.sadowne.pl\/index.php?rest_route=\/wp\/v2\/posts\/25316\/revisions"}],"predecessor-version":[{"id":25321,"href":"https:\/\/info.sadowne.pl\/index.php?rest_route=\/wp\/v2\/posts\/25316\/revisions\/25321"}],"wp:attachment":[{"href":"https:\/\/info.sadowne.pl\/index.php?rest_route=%2Fwp%2Fv2%2Fmedia&parent=25316"}],"wp:term":[{"taxonomy":"category","embeddable":true,"href":"https:\/\/info.sadowne.pl\/index.php?rest_route=%2Fwp%2Fv2%2Fcategories&post=25316"},{"taxonomy":"post_tag","embeddable":true,"href":"https:\/\/info.sadowne.pl\/index.php?rest_route=%2Fwp%2Fv2%2Ftags&post=25316"}],"curies":[{"name":"wp","href":"https:\/\/api.w.org\/{rel}","templated":true}]}}