{"id":25322,"date":"2021-12-02T13:08:05","date_gmt":"2021-12-02T12:08:05","guid":{"rendered":"http:\/\/info.sadowne.pl\/?p=25322"},"modified":"2021-12-02T13:13:26","modified_gmt":"2021-12-02T12:13:26","slug":"mistrzostwa-polski-juniorow","status":"publish","type":"post","link":"https:\/\/info.sadowne.pl\/?p=25322","title":{"rendered":"Mistrzostwa Polski Junior\u00f3w"},"content":{"rendered":"<p><strong><a href=\"http:\/\/info.sadowne.pl\/wp-content\/uploads\/2021\/12\/2021.12.02.3-rotated.jpg\" target=\"_blank\" rel=\"noopener\"><img loading=\"lazy\" decoding=\"async\" class=\"alignleft wp-image-25323 size-thumbnail\" src=\"http:\/\/info.sadowne.pl\/wp-content\/uploads\/2021\/12\/2021.12.02.3-180x130.jpg\" alt=\"\" width=\"180\" height=\"130\" \/><\/a>W niedziel\u0119 28 listopada w Radzyminie odby\u0142y si\u0119 Mistrzostwa Polski M\u0142odzie\u017cowc\u00f3w oraz Mistrzostwa Polski Junior\u00f3w w Karate Kyokushin.<\/strong><!--more--><\/p>\n<p><a href=\"http:\/\/info.sadowne.pl\/wp-content\/uploads\/2021\/12\/2021.12.02.5-rotated.jpg\" target=\"_blank\" rel=\"noopener\"><img loading=\"lazy\" decoding=\"async\" class=\"alignright wp-image-25327 size-medium\" src=\"http:\/\/info.sadowne.pl\/wp-content\/uploads\/2021\/12\/2021.12.02.5-225x300.jpg\" alt=\"\" width=\"225\" height=\"300\" srcset=\"https:\/\/info.sadowne.pl\/wp-content\/uploads\/2021\/12\/2021.12.02.5-225x300.jpg 225w, https:\/\/info.sadowne.pl\/wp-content\/uploads\/2021\/12\/2021.12.02.5-rotated.jpg 600w\" sizes=\"auto, (max-width: 225px) 100vw, 225px\" \/><\/a>Zofia Perzan, trenuj\u0105ca na co dzie\u0144 w Brokowskim Klubie Karate Kyokushinkai, wygra\u0142a pierwsz\u0105 walk\u0119 z zawodniczk\u0105 z Siemianowic \u015al\u0105skich. W drugim starciu po regulaminowym czasie walki s\u0119dziowie wskazali na remis. W dogrywce Zosia w ferworze walki dopu\u015bci\u0142a si\u0119 u\u017cycia niedozwolonej techniki, co spowodowa\u0142o utrat\u0119 punkt\u00f3w, kt\u00f3rych nie uda\u0142o si\u0119 odrobi\u0107 do ko\u0144ca walki. Zosia w \u00f3semce zawodniczek w\u015br\u00f3d juniorek w Polsce.<\/p>\n<p>Zawody w Radzyminie zgromadzi\u0142y 218 zawodnik\u00f3w z 77 klub\u00f3w karate z Polski. S\u0119dzi\u0105 g\u0142\u00f3wnym zawod\u00f3w by\u0142 shihan Andrzej Drewniak.<\/p>\n<p><strong>Tekst\/foto: <\/strong>Zbigniew W\u00f3jcicki<\/p>\n","protected":false},"excerpt":{"rendered":"<p>W niedziel\u0119 28 listopada w Radzyminie odby\u0142y si\u0119 Mistrzostwa Polski M\u0142odzie\u017cowc\u00f3w oraz Mistrzostwa Polski Junior\u00f3w w Karate Kyokushin.<\/p>\n","protected":false},"author":1,"featured_media":0,"comment_status":"closed","ping_status":"closed","sticky":false,"template":"","format":"standard","meta":{"footnotes":""},"categories":[5,2029,7],"tags":[794,2030,3332],"class_list":["post-25322","post","type-post","status-publish","format-standard","hentry","category-newsy","category-karate","category-sport","tag-brokowski-klub-karate-kyokushinkai","tag-zbigniew-wojcicki","tag-zofia-perzan"],"views":2330,"_links":{"self":[{"href":"https:\/\/info.sadowne.pl\/index.php?rest_route=\/wp\/v2\/posts\/25322","targetHints":{"allow":["GET"]}}],"collection":[{"href":"https:\/\/info.sadowne.pl\/index.php?rest_route=\/wp\/v2\/posts"}],"about":[{"href":"https:\/\/info.sadowne.pl\/index.php?rest_route=\/wp\/v2\/types\/post"}],"author":[{"embeddable":true,"href":"https:\/\/info.sadowne.pl\/index.php?rest_route=\/wp\/v2\/users\/1"}],"replies":[{"embeddable":true,"href":"https:\/\/info.sadowne.pl\/index.php?rest_route=%2Fwp%2Fv2%2Fcomments&post=25322"}],"version-history":[{"count":3,"href":"https:\/\/info.sadowne.pl\/index.php?rest_route=\/wp\/v2\/posts\/25322\/revisions"}],"predecessor-version":[{"id":25328,"href":"https:\/\/info.sadowne.pl\/index.php?rest_route=\/wp\/v2\/posts\/25322\/revisions\/25328"}],"wp:attachment":[{"href":"https:\/\/info.sadowne.pl\/index.php?rest_route=%2Fwp%2Fv2%2Fmedia&parent=25322"}],"wp:term":[{"taxonomy":"category","embeddable":true,"href":"https:\/\/info.sadowne.pl\/index.php?rest_route=%2Fwp%2Fv2%2Fcategories&post=25322"},{"taxonomy":"post_tag","embeddable":true,"href":"https:\/\/info.sadowne.pl\/index.php?rest_route=%2Fwp%2Fv2%2Ftags&post=25322"}],"curies":[{"name":"wp","href":"https:\/\/api.w.org\/{rel}","templated":true}]}}