{"id":25329,"date":"2021-12-03T19:08:44","date_gmt":"2021-12-03T18:08:44","guid":{"rendered":"http:\/\/info.sadowne.pl\/?p=25329"},"modified":"2021-12-03T19:08:44","modified_gmt":"2021-12-03T18:08:44","slug":"kiedy-kasia-maluje","status":"publish","type":"post","link":"https:\/\/info.sadowne.pl\/?p=25329","title":{"rendered":"Kiedy Kasia maluje\u2026"},"content":{"rendered":"<p><strong><a href=\"http:\/\/info.sadowne.pl\/wp-content\/uploads\/2021\/12\/2021.12.03.2.jpg\" target=\"_blank\" rel=\"noopener\"><img loading=\"lazy\" decoding=\"async\" class=\"alignleft wp-image-25330 size-thumbnail\" src=\"http:\/\/info.sadowne.pl\/wp-content\/uploads\/2021\/12\/2021.12.03.2-180x130.jpg\" alt=\"\" width=\"180\" height=\"130\" \/><\/a>Zgodnie z zapowiedzi\u0105, prezentujemy pierwszy wiersz Anny W\u0142odarczyk &#8211; absolwentki naszego Liceum Og\u00f3lnokszta\u0142c\u0105cego.<\/strong><!--more--><\/p>\n<p><strong>Anna W\u0142odarczyk\u00a0 <em>(Anna Kowalczyk \u2013 LO w Sadownem w latach 1997-2001)<\/em><\/strong><\/p>\n<p style=\"text-align: center;\">***<\/p>\n<p style=\"text-align: center;\">***<\/p>\n<p style=\"text-align: center;\">***<\/p>\n<p style=\"text-align: center;\"><strong>Kiedy Kasia maluje<\/strong><\/p>\n<p style=\"text-align: center;\">***<\/p>\n<p style=\"text-align: center;\">Kiedy Kasia maluje,<\/p>\n<p style=\"text-align: center;\">w martwe bia\u0142e p\u0142\u00f3tno,<\/p>\n<p style=\"text-align: center;\">kroplami farby wlewa<\/p>\n<p style=\"text-align: center;\">swoj\u0105 dobr\u0105 dusz\u0119.<\/p>\n<p style=\"text-align: center;\">Na stole materia\u0142 k\u0142adzie,<\/p>\n<p style=\"text-align: center;\">dwa zielone jab\u0142ka,<\/p>\n<p style=\"text-align: center;\">a w szklany s\u0142oik w\u0142o\u017cy<\/p>\n<p style=\"text-align: center;\">zasuszon\u0105 r\u00f3\u017c\u0119.<\/p>\n<p style=\"text-align: center;\">***<\/p>\n<p style=\"text-align: center;\">Kiedy Kasia maluje,<\/p>\n<p style=\"text-align: center;\">lubi zosta\u0107 sama.<\/p>\n<p style=\"text-align: center;\">S\u0142ucha\u0107, jak \u015blepe radio<\/p>\n<p style=\"text-align: center;\">na\u015bladuje Straussa.<\/p>\n<p style=\"text-align: center;\">A\u017c si\u0119 pok\u00f3j wype\u0142ni,<\/p>\n<p style=\"text-align: center;\">w przeci\u0105gu godziny,<\/p>\n<p style=\"text-align: center;\">zapachem wyobra\u017ani,<\/p>\n<p style=\"text-align: center;\">zamiast terpentyny.<\/p>\n<p style=\"text-align: center;\">I rado\u015b\u0107 dojrzeje jej w palcach.<\/p>\n","protected":false},"excerpt":{"rendered":"<p>Zgodnie z zapowiedzi\u0105, prezentujemy pierwszy wiersz Anny W\u0142odarczyk &#8211; absolwentki naszego Liceum Og\u00f3lnokszta\u0142c\u0105cego.<\/p>\n","protected":false},"author":1,"featured_media":0,"comment_status":"closed","ping_status":"closed","sticky":false,"template":"","format":"standard","meta":{"footnotes":""},"categories":[5,48,6,108],"tags":[122,3669,3668],"class_list":["post-25329","post","type-post","status-publish","format-standard","hentry","category-newsy","category-kacik-literacki","category-kultura-rozrywka-edukacja","category-okienko-poetyckie","tag-anna-wlodarczyk","tag-okienko-poetyckie","tag-wiersz-kiedy-kasia-maluje"],"views":2014,"_links":{"self":[{"href":"https:\/\/info.sadowne.pl\/index.php?rest_route=\/wp\/v2\/posts\/25329","targetHints":{"allow":["GET"]}}],"collection":[{"href":"https:\/\/info.sadowne.pl\/index.php?rest_route=\/wp\/v2\/posts"}],"about":[{"href":"https:\/\/info.sadowne.pl\/index.php?rest_route=\/wp\/v2\/types\/post"}],"author":[{"embeddable":true,"href":"https:\/\/info.sadowne.pl\/index.php?rest_route=\/wp\/v2\/users\/1"}],"replies":[{"embeddable":true,"href":"https:\/\/info.sadowne.pl\/index.php?rest_route=%2Fwp%2Fv2%2Fcomments&post=25329"}],"version-history":[{"count":2,"href":"https:\/\/info.sadowne.pl\/index.php?rest_route=\/wp\/v2\/posts\/25329\/revisions"}],"predecessor-version":[{"id":25332,"href":"https:\/\/info.sadowne.pl\/index.php?rest_route=\/wp\/v2\/posts\/25329\/revisions\/25332"}],"wp:attachment":[{"href":"https:\/\/info.sadowne.pl\/index.php?rest_route=%2Fwp%2Fv2%2Fmedia&parent=25329"}],"wp:term":[{"taxonomy":"category","embeddable":true,"href":"https:\/\/info.sadowne.pl\/index.php?rest_route=%2Fwp%2Fv2%2Fcategories&post=25329"},{"taxonomy":"post_tag","embeddable":true,"href":"https:\/\/info.sadowne.pl\/index.php?rest_route=%2Fwp%2Fv2%2Ftags&post=25329"}],"curies":[{"name":"wp","href":"https:\/\/api.w.org\/{rel}","templated":true}]}}