{"id":25366,"date":"2021-12-14T12:19:41","date_gmt":"2021-12-14T11:19:41","guid":{"rendered":"http:\/\/info.sadowne.pl\/?p=25366"},"modified":"2021-12-14T12:19:41","modified_gmt":"2021-12-14T11:19:41","slug":"kronika-strazacka-06-12-grudnia-2021","status":"publish","type":"post","link":"https:\/\/info.sadowne.pl\/?p=25366","title":{"rendered":"Kronika stra\u017cacka 06 \u2013 12 grudnia 2021"},"content":{"rendered":"<p><strong><a href=\"http:\/\/info.sadowne.pl\/wp-content\/uploads\/2013\/07\/straz3.jpg\"><img loading=\"lazy\" decoding=\"async\" class=\"alignleft size-thumbnail wp-image-2625\" src=\"http:\/\/info.sadowne.pl\/wp-content\/uploads\/2013\/07\/straz3-180x130.jpg\" alt=\"\" width=\"180\" height=\"130\" \/><\/a>W<\/strong> <strong>okresie<\/strong> <strong>od<\/strong><strong> 06 &#8211; 12.12.2021 <\/strong><strong>na<\/strong> <strong>terenie<\/strong> <strong>powiatu<\/strong> <strong>w\u0119growskiego<\/strong> <strong>zanotowano: <\/strong><strong>13 <\/strong><strong>zdarze\u0144,<\/strong> <strong>przy<\/strong> <strong>kt\u00f3rych<\/strong> <strong>interweniowa\u0142y<\/strong> <strong>jednostki<\/strong> <strong>ochrony<\/strong> <strong>przeciwpo\u017carowej, w tym:<\/strong><strong> 3 po\u017cary, 9 miejscowych zagro\u017ce\u0144 i 1 alarm fa\u0142szywy.<\/strong><!--more--><\/p>\n<p><strong>06.12.2021 \u2013 Miedzna \u2013 dachowanie samochodu osobowego.<\/strong><\/p>\n<p>Prawdopodobnie w wyniku niezachowania ostro\u017cno\u015bci przez kierowc\u0119, samoch\u00f3d osobowy, kt\u00f3rym podr\u00f3\u017cowa\u0142a jedna osoba dachowa\u0142 i znajduje si\u0119 w przydro\u017cnym rowie. Osoba poszkodowana samodzielnie opu\u015bci\u0142a pojazd. Dzia\u0142ania zast\u0119p\u00f3w polega\u0142y na zabezpieczeniu miejsca zdarzenia, od\u0142\u0105czeniu akumulatora oraz LPG, udzieleniu KPP poszkodowanej osobie (wsparcie psychiczne, stabilizacja odcinka szyjnego kr\u0119gos\u0142upa). Na miejsce zdarzenia przyby\u0142 ZRM, kt\u00f3remu przekazano poszkodowan\u0105 osob\u0119 wraz z kart\u0105 udzielonej. Uleg\u0142o zniszczeniu lub spaleniu: samoch\u00f3d osobowy Skoda Fabia &#8211; dach samochodu.<strong>\u00a0<\/strong><\/p>\n<p><strong>09.12.2021 <\/strong><strong>\u2013 W\u0119gr\u00f3w \u2013 po\u017car kot\u0142owni w budynku mieszkalnym.<\/strong><\/p>\n<p>Po doje\u017adzie na miejsce zdarzenia zast\u0119p\u00f3w JRG PSP stwierdzono, \u017ce po\u017carem obj\u0119te jest pomieszczenie kot\u0142owni w budynku mieszkalnym murowanym. Po\u017car zosta\u0142 cz\u0119\u015bciowo przygaszony przez wod\u0119, kt\u00f3ra wyciek\u0142a z uszkodzonej instalacji hydraulicznej pieca grzewczego. W wyniku zdarzenia nikt nie odni\u00f3s\u0142 obra\u017ce\u0144. Dzia\u0142ania zast\u0119p\u00f3w polega\u0142y na zabezpieczeniu miejsca zdarzenia i podaniu jednego pr\u0105du wody w natarciu, co doprowadzi\u0142o do lokalizacji po\u017caru. Nadpalone drewno opa\u0142owe znajduj\u0105ce si\u0119 w kot\u0142owni wyniesiono na zewn\u0105trz i przelano wod\u0105. Pomieszczenia przewietrzono przy u\u017cyciu wentylatora osiowego. Pomieszczenie obj\u0119te po\u017carem sprawdzono dodatkowo przy pomocy kamery termowizyjnej (nie stwierdzono zagro\u017cenia), a ca\u0142y budynek na obecno\u015b\u0107 tlenku w\u0119gla detektorem CO. Dalsze dzia\u0142ania polega\u0142y na systematycznym przewietrzeniu budynku (otwarcie drzwi i okien na wszystkich kondygnacjach, wentylator osiowy), po czym dokonano powt\u00f3rnego pomiaru w ca\u0142ym budynku (z wynikiem negatywnym). Miejsce zdarzenia przekazano protoko\u0142em w\u0142a\u015bcicielowi, na tym dzia\u0142ania zako\u0144czono. Uleg\u0142o zniszczeniu lub spaleniu: pomieszczenie kot\u0142owni, cz\u0119\u015bciowo instalacja hydrauliczna i elektryczna, drewno opa\u0142owe.<\/p>\n<p><strong>12.12.2021 \u2013 Oci\u0119te, gm. Sadowne, droga nr 50 \u2013 samoch\u00f3d osobowy uderzy\u0142 w \u0142osia.<\/strong><\/p>\n<p>Do zdarzenia zosta\u0142 zadysponowany zast\u0119p pobliskiego OSP Sadowne oraz JRG PSP W\u0119gr\u00f3w. Po przybyciu na miejsce zdarzenia pierwszego zast\u0119pu, stra\u017cacy stwierdzili, \u017ce w samoch\u00f3d osobowy w wyniku zdarzenia z \u0142osiem ma wybit\u0105 przedni\u0105 szyb\u0119, a poszkodowany kierowca znajduj\u0119 si\u0119 w samochodzie, posiada widoczne obra\u017cenia g\u0142owy. Padni\u0119te zwierz\u0119 w wyniku zdarzenia znajdowa\u0142o si\u0119 na poboczu drogi. Dzia\u0142ania zast\u0119p\u00f3w polega\u0142y w pierwszej kolejno\u015bci na zabezpieczeniu miejsca zdarzenia oraz ewakuacji poszkodowanego z samochodu i udzieleniu KPP(wsparcie psychiczne, stabilizacja odcinka szyjnego kr\u0119gos\u0142upa, opatrunek na rany g\u0142owy, zabezpieczenie przed utrat\u0105 ciep\u0142a). Na miejsce zdarzenia przyby\u0142 ZRM, kt\u00f3remu przekazano poszkodowanego. Dzia\u0142ania zast\u0119p\u00f3w stra\u017cy po\u017carnej polega\u0142y na od\u0142\u0105czeniu akumulator\u00f3w w samochodzie oraz kierowaniu ruchem drogowym do czasu przybycia na miejsce zdarzenia zast\u0119p\u00f3w Policji. Dzia\u0142ania doprowadzi\u0142y do lokalizacji zagro\u017cenia. KDR przekaza\u0142 miejsce zdarzenia Policji. Uleg\u0142o zniszczeniu lub spaleniu: prz\u00f3d samochodu Golf Polo.<\/p>\n<p><strong>KP PSP W\u0119gr\u00f3w <\/strong><\/p>\n","protected":false},"excerpt":{"rendered":"<p>W okresie od 06 &#8211; 12.12.2021 na terenie powiatu w\u0119growskiego zanotowano: 13 zdarze\u0144, przy kt\u00f3rych interweniowa\u0142y jednostki ochrony przeciwpo\u017carowej, w tym: 3 po\u017cary, 9 miejscowych zagro\u017ce\u0144 i 1 alarm fa\u0142szywy.<\/p>\n","protected":false},"author":1,"featured_media":0,"comment_status":"closed","ping_status":"closed","sticky":false,"template":"","format":"standard","meta":{"footnotes":""},"categories":[5,4,267],"tags":[491,643],"class_list":["post-25366","post","type-post","status-publish","format-standard","hentry","category-newsy","category-policja-straz-pozarna-pogotowie-ratunkowe","category-straz-pozarna-policja-straz-pozarna-pogotowie-ratunkowe","tag-komenda-powiatowa-panstwowej-strazy-pozarnej-w-wegrowie","tag-kronika-strazacka"],"views":2488,"_links":{"self":[{"href":"https:\/\/info.sadowne.pl\/index.php?rest_route=\/wp\/v2\/posts\/25366","targetHints":{"allow":["GET"]}}],"collection":[{"href":"https:\/\/info.sadowne.pl\/index.php?rest_route=\/wp\/v2\/posts"}],"about":[{"href":"https:\/\/info.sadowne.pl\/index.php?rest_route=\/wp\/v2\/types\/post"}],"author":[{"embeddable":true,"href":"https:\/\/info.sadowne.pl\/index.php?rest_route=\/wp\/v2\/users\/1"}],"replies":[{"embeddable":true,"href":"https:\/\/info.sadowne.pl\/index.php?rest_route=%2Fwp%2Fv2%2Fcomments&post=25366"}],"version-history":[{"count":1,"href":"https:\/\/info.sadowne.pl\/index.php?rest_route=\/wp\/v2\/posts\/25366\/revisions"}],"predecessor-version":[{"id":25367,"href":"https:\/\/info.sadowne.pl\/index.php?rest_route=\/wp\/v2\/posts\/25366\/revisions\/25367"}],"wp:attachment":[{"href":"https:\/\/info.sadowne.pl\/index.php?rest_route=%2Fwp%2Fv2%2Fmedia&parent=25366"}],"wp:term":[{"taxonomy":"category","embeddable":true,"href":"https:\/\/info.sadowne.pl\/index.php?rest_route=%2Fwp%2Fv2%2Fcategories&post=25366"},{"taxonomy":"post_tag","embeddable":true,"href":"https:\/\/info.sadowne.pl\/index.php?rest_route=%2Fwp%2Fv2%2Ftags&post=25366"}],"curies":[{"name":"wp","href":"https:\/\/api.w.org\/{rel}","templated":true}]}}