{"id":25383,"date":"2021-12-16T16:10:06","date_gmt":"2021-12-16T15:10:06","guid":{"rendered":"http:\/\/info.sadowne.pl\/?p=25383"},"modified":"2021-12-16T16:10:06","modified_gmt":"2021-12-16T15:10:06","slug":"brokowiak-nad-berlinem-czeslaw-dziekonski","status":"publish","type":"post","link":"https:\/\/info.sadowne.pl\/?p=25383","title":{"rendered":"BROKOWIAK NAD BERLINEM \u2013 CZES\u0141AW DZIEKO\u0143SKI"},"content":{"rendered":"<p><strong><a href=\"http:\/\/info.sadowne.pl\/wp-content\/uploads\/2021\/12\/Brok66.jpg\" target=\"_blank\" rel=\"noopener\"><img loading=\"lazy\" decoding=\"async\" class=\"alignleft wp-image-25384 size-thumbnail\" src=\"http:\/\/info.sadowne.pl\/wp-content\/uploads\/2021\/12\/Brok66-180x130.jpg\" alt=\"\" width=\"180\" height=\"130\" \/><\/a>Podpu\u0142kownik Wac\u0142aw Makowski, dow\u00f3dca 300 Dywizjonu Bombowego \u201eZiemi Mazowieckiej\u201d przeczyta\u0142 rozkaz Bomber Command tycz\u0105cy celu operacji bojowych w nocy z 23 na 24 marca 1941 r.<\/strong><!--more--><\/p>\n<p>Przypomnia\u0142 sobie moment, gdy 18 miesi\u0119cy wcze\u015bniej stan\u0105\u0142 przed szlabanem na polsko-rumu\u0144skiej granicy w \u015aniatyniu. Schyli\u0142 si\u0119 wtedy, zgarn\u0105\u0142 gar\u015b\u0107 ojczystej ziemi do kieszeni, a do stoj\u0105cego obok towarzysza niedoli powiedzia\u0142:<\/p>\n<p>\u2013 Nie wiem, co i jak z nami b\u0119dzie, ale ja, \u017cebym mia\u0142 z diab\u0142em wej\u015b\u0107 w przymierze, za to wszystko, co widzia\u0142em w Polsce, musz\u0119 cho\u0107 raz zbombardowa\u0107 Berlin, inaczej nie b\u0119d\u0119 mia\u0142 szacunku do siebie!<\/p>\n<p>Podpu\u0142kownik zastanawia\u0142 si\u0119, jak przekaza\u0107 informacj\u0119 o celu nalotu swym za\u0142ogom. Mo\u017ce w formie przem\u00f3wienia lub historycznego wyk\u0142adu? Wszystko odby\u0142o si\u0119 jednak zwyczajnie, bez odrobiny patosu. Po latach wspomina\u0142:<\/p>\n<p><strong>Wi\u0119cej na stronie <span style=\"color: #0000ff;\"><a style=\"color: #0000ff;\" href=\"https:\/\/madzelan.cba.pl\/brokowiak-nad-berlinem-czeslaw-dziekonski\/\" target=\"_blank\" rel=\"noopener\">https:\/\/madzelan.cba.pl\/brokowiak-nad-berlinem-czeslaw-dziekonski\/<\/a><\/span><\/strong><\/p>\n","protected":false},"excerpt":{"rendered":"<p>Podpu\u0142kownik Wac\u0142aw Makowski, dow\u00f3dca 300 Dywizjonu Bombowego \u201eZiemi Mazowieckiej\u201d przeczyta\u0142 rozkaz Bomber Command tycz\u0105cy celu operacji bojowych w nocy z 23 na 24 marca 1941 r.<\/p>\n","protected":false},"author":1,"featured_media":0,"comment_status":"closed","ping_status":"closed","sticky":false,"template":"","format":"standard","meta":{"footnotes":""},"categories":[5,3436,31],"tags":[101,3004,2956],"class_list":["post-25383","post","type-post","status-publish","format-standard","hentry","category-newsy","category-opowiesci-historie-legendy-brokowskie-i-nie-tylko","category-historia-gminy","tag-historia-gminy-sadowne","tag-jerzy-madzelan","tag-opowiesci-historie-legendy-brokowskie-i-nie-tylko"],"views":2014,"_links":{"self":[{"href":"https:\/\/info.sadowne.pl\/index.php?rest_route=\/wp\/v2\/posts\/25383","targetHints":{"allow":["GET"]}}],"collection":[{"href":"https:\/\/info.sadowne.pl\/index.php?rest_route=\/wp\/v2\/posts"}],"about":[{"href":"https:\/\/info.sadowne.pl\/index.php?rest_route=\/wp\/v2\/types\/post"}],"author":[{"embeddable":true,"href":"https:\/\/info.sadowne.pl\/index.php?rest_route=\/wp\/v2\/users\/1"}],"replies":[{"embeddable":true,"href":"https:\/\/info.sadowne.pl\/index.php?rest_route=%2Fwp%2Fv2%2Fcomments&post=25383"}],"version-history":[{"count":1,"href":"https:\/\/info.sadowne.pl\/index.php?rest_route=\/wp\/v2\/posts\/25383\/revisions"}],"predecessor-version":[{"id":25385,"href":"https:\/\/info.sadowne.pl\/index.php?rest_route=\/wp\/v2\/posts\/25383\/revisions\/25385"}],"wp:attachment":[{"href":"https:\/\/info.sadowne.pl\/index.php?rest_route=%2Fwp%2Fv2%2Fmedia&parent=25383"}],"wp:term":[{"taxonomy":"category","embeddable":true,"href":"https:\/\/info.sadowne.pl\/index.php?rest_route=%2Fwp%2Fv2%2Fcategories&post=25383"},{"taxonomy":"post_tag","embeddable":true,"href":"https:\/\/info.sadowne.pl\/index.php?rest_route=%2Fwp%2Fv2%2Ftags&post=25383"}],"curies":[{"name":"wp","href":"https:\/\/api.w.org\/{rel}","templated":true}]}}