{"id":25386,"date":"2021-12-16T16:52:52","date_gmt":"2021-12-16T15:52:52","guid":{"rendered":"http:\/\/info.sadowne.pl\/?p=25386"},"modified":"2021-12-16T16:52:52","modified_gmt":"2021-12-16T15:52:52","slug":"jak-to-mikolaj-w-orzelku-bywal","status":"publish","type":"post","link":"https:\/\/info.sadowne.pl\/?p=25386","title":{"rendered":"Jak to Miko\u0142aj w Orze\u0142ku bywa\u0142!"},"content":{"rendered":"<p><strong><a href=\"http:\/\/info.sadowne.pl\/wp-content\/uploads\/2021\/12\/2021.12.16.1.jpg\" target=\"_blank\" rel=\"noopener\"><img loading=\"lazy\" decoding=\"async\" class=\"alignleft wp-image-25387 size-thumbnail\" src=\"http:\/\/info.sadowne.pl\/wp-content\/uploads\/2021\/12\/2021.12.16.1-180x130.jpg\" alt=\"\" width=\"180\" height=\"130\" \/><\/a>Mia\u0142 czerwony str\u00f3j, d\u0142ug\u0105, bia\u0142\u0105 brod\u0119, d\u017awiga\u0142 na plecach bardzo ci\u0119\u017cki worek, a w nim prezenty. To nie m\u00f3g\u0142 by\u0107 nikt inny tylko MIKO\u0141AJ- niezwykle weso\u0142y i rozmowny. <\/strong><!--more--><\/p>\n<p>Jak co roku przyby\u0142 na czas do Niepublicznej Szko\u0142y Podstawowej w Orze\u0142ku. Spotkanie przebiega\u0142o w bardzo radosnej i przyjaznej atmosferze. Przedszkolaki za\u015bpiewa\u0142y Miko\u0142ajowi piosenk\u0119. \u015awi\u0119ty Miko\u0142aj obdarowa\u0142 wszystkie dzieci prezentami. Na twarzach dzieci malowa\u0142a si\u0119 wielka rado\u015b\u0107 i przej\u0119cie, a tak\u017ce nadzieja na kolejne spotkanie.<\/p>\n<p><strong>Wi\u0119cej na stronie <a href=\"http:\/\/sporzelek.szkolnastrona.pl\/art,461,mikolajki\">http:\/\/sporzelek.szkolnastrona.pl\/art,461,mikolajki<\/a><\/strong><\/p>\n<p><strong>\u0179r\u00f3d\u0142o:<\/strong> www.sporzelek.szkolnastrona.pl<\/p>\n","protected":false},"excerpt":{"rendered":"<p>Mia\u0142 czerwony str\u00f3j, d\u0142ug\u0105, bia\u0142\u0105 brod\u0119, d\u017awiga\u0142 na plecach bardzo ci\u0119\u017cki worek, a w nim prezenty. To nie m\u00f3g\u0142 by\u0107 nikt inny tylko MIKO\u0141AJ- niezwykle weso\u0142y i rozmowny.<\/p>\n","protected":false},"author":1,"featured_media":0,"comment_status":"closed","ping_status":"closed","sticky":false,"template":"","format":"standard","meta":{"footnotes":""},"categories":[5,1752,43],"tags":[3676,937],"class_list":["post-25386","post","type-post","status-publish","format-standard","hentry","category-newsy","category-edukacja","category-szkola-podstawowa-w-orzelku","tag-mikolaj-w-orzelku","tag-niepubliczna-szkola-podstawowa-w-orzelku"],"views":2119,"_links":{"self":[{"href":"https:\/\/info.sadowne.pl\/index.php?rest_route=\/wp\/v2\/posts\/25386","targetHints":{"allow":["GET"]}}],"collection":[{"href":"https:\/\/info.sadowne.pl\/index.php?rest_route=\/wp\/v2\/posts"}],"about":[{"href":"https:\/\/info.sadowne.pl\/index.php?rest_route=\/wp\/v2\/types\/post"}],"author":[{"embeddable":true,"href":"https:\/\/info.sadowne.pl\/index.php?rest_route=\/wp\/v2\/users\/1"}],"replies":[{"embeddable":true,"href":"https:\/\/info.sadowne.pl\/index.php?rest_route=%2Fwp%2Fv2%2Fcomments&post=25386"}],"version-history":[{"count":1,"href":"https:\/\/info.sadowne.pl\/index.php?rest_route=\/wp\/v2\/posts\/25386\/revisions"}],"predecessor-version":[{"id":25388,"href":"https:\/\/info.sadowne.pl\/index.php?rest_route=\/wp\/v2\/posts\/25386\/revisions\/25388"}],"wp:attachment":[{"href":"https:\/\/info.sadowne.pl\/index.php?rest_route=%2Fwp%2Fv2%2Fmedia&parent=25386"}],"wp:term":[{"taxonomy":"category","embeddable":true,"href":"https:\/\/info.sadowne.pl\/index.php?rest_route=%2Fwp%2Fv2%2Fcategories&post=25386"},{"taxonomy":"post_tag","embeddable":true,"href":"https:\/\/info.sadowne.pl\/index.php?rest_route=%2Fwp%2Fv2%2Ftags&post=25386"}],"curies":[{"name":"wp","href":"https:\/\/api.w.org\/{rel}","templated":true}]}}