{"id":25430,"date":"2021-12-23T11:49:19","date_gmt":"2021-12-23T10:49:19","guid":{"rendered":"http:\/\/info.sadowne.pl\/?p=25430"},"modified":"2021-12-23T11:53:50","modified_gmt":"2021-12-23T10:53:50","slug":"wiersze-z-okienka","status":"publish","type":"post","link":"https:\/\/info.sadowne.pl\/?p=25430","title":{"rendered":"Wiersze z okienka\u2026"},"content":{"rendered":"<p><a href=\"http:\/\/info.sadowne.pl\/wp-content\/uploads\/2021\/12\/2021.12.23.1.jpg\" target=\"_blank\" rel=\"noopener\"><img loading=\"lazy\" decoding=\"async\" class=\"alignleft wp-image-25431 size-thumbnail\" src=\"http:\/\/info.sadowne.pl\/wp-content\/uploads\/2021\/12\/2021.12.23.1-180x130.jpg\" alt=\"\" width=\"180\" height=\"130\" \/><\/a><\/p>\n<p><strong>Dzi\u015b \u015bwi\u0105tecznie \u2013 Anna W\u0142odarczyk i Wies\u0142aw Maliszewski.<\/strong><!--more--><\/p>\n<p style=\"text-align: center;\">*<\/p>\n<p style=\"text-align: center;\">*<\/p>\n<p style=\"text-align: center;\">*<\/p>\n<p style=\"text-align: center;\">*<\/p>\n<p style=\"text-align: center;\">*<\/p>\n<p style=\"text-align: center;\"><strong>Anna W\u0142odarczyk <\/strong><\/p>\n<p style=\"text-align: center;\"><span style=\"color: #3366ff;\"><strong>Rzu\u0107 na mnie garstk\u0119 siana <\/strong><\/span><\/p>\n<p style=\"text-align: center;\">Kolejka w sklepie.<\/p>\n<p style=\"text-align: center;\">\u015acisk w tramwaju.<\/p>\n<p style=\"text-align: center;\">Szum na ulicy.<\/p>\n<p style=\"text-align: center;\">Chudy \u015bwi\u0119ty Miko\u0142aj<\/p>\n<p style=\"text-align: center;\">na Rondzie de Gauell\u2019a.<\/p>\n<p style=\"text-align: center;\">Palma pokryta \u015bniegiem.<\/p>\n<p style=\"text-align: center;\">*<\/p>\n<p style=\"text-align: center;\">Tw\u00f3j \u017c\u0142\u00f3bek zawis\u0142 nad ulic\u0105.<\/p>\n<p style=\"text-align: center;\">Nikt nie stan\u0105\u0142, \u017ceby Ci\u0119 podziwia\u0107.<\/p>\n<p style=\"text-align: center;\">A tylko biegli wszyscy &#8211; Bo\u017ce Narodzenie.<\/p>\n<p style=\"text-align: center;\">Oby m\u00f3j post nie by\u0142 zapomnieniem.<\/p>\n<p style=\"text-align: center;\">Rzu\u0107 na mnie garstk\u0119 siana,<\/p>\n<p style=\"text-align: center;\">mo\u017ce si\u0119 zachwyc\u0119<\/p>\n<p style=\"text-align: center;\">i \u017ad\u017ab\u0142o wezm\u0119 do r\u0119ki<\/p>\n<p style=\"text-align: center;\">razem z nawr\u00f3ceniem.<\/p>\n<p style=\"text-align: center;\">*<\/p>\n<p style=\"text-align: center;\"><strong>Wies\u0142aw Maliszewski <\/strong><\/p>\n<p style=\"text-align: center;\"><span style=\"color: #3366ff;\"><strong>Wspomnienie wigilijne <\/strong><\/span><\/p>\n<p style=\"text-align: center;\">1.<\/p>\n<p style=\"text-align: center;\">W moim \u015bwiecie,<\/p>\n<p style=\"text-align: center;\">pod\u00f3wczas niewielkim.<\/p>\n<p style=\"text-align: center;\">W czas nadziei, rado\u015bci i zbli\u017ce\u0144.<\/p>\n<p style=\"text-align: center;\">Przyszed\u0142 w ma\u0142ej szufladzie kredensu<\/p>\n<p style=\"text-align: center;\">wigilijny m\u00f3j Jezus \u2013 braciszek.<\/p>\n<p style=\"text-align: center;\">*<\/p>\n<p style=\"text-align: center;\">R\u0105czki da\u0142em mu z ciep\u0142ego chleba,<\/p>\n<p style=\"text-align: center;\">\u00a0usta s\u0142odkie z jab\u0142ek czerwieni,<\/p>\n<p style=\"text-align: center;\">no a oczy z zieleni \u015bwierczyny,<\/p>\n<p style=\"text-align: center;\">co pachnia\u0142a lasem ju\u017c w sieni.<\/p>\n<p style=\"text-align: center;\">*<\/p>\n<p style=\"text-align: center;\">2.<\/p>\n<p style=\"text-align: center;\">Gwiazdy w niebie p\u0142on\u0105c dzwoni\u0142y.<\/p>\n<p style=\"text-align: center;\">Nie by\u0142o kadzide\u0142 ni z\u0142ota,<\/p>\n<p style=\"text-align: center;\">tylko matka krz\u0105ta\u0142a si\u0119 po izbie<\/p>\n<p style=\"text-align: center;\">i by\u0142 wiecz\u00f3r, co rodzi\u0142 nam Boga.<\/p>\n<p style=\"text-align: center;\">*<\/p>\n<p style=\"text-align: center;\">Wnet \u015bwi\u0105tecznie w domu si\u0119 sta\u0142o.<\/p>\n<p style=\"text-align: center;\">Bia\u0142y obrus na stole, \u017cyczenia.<\/p>\n<p style=\"text-align: center;\">W ka\u017cdym z nas promieni\u015bcie ja\u015bnia\u0142o,<\/p>\n<p style=\"text-align: center;\">jakby kto\u015b nas w anio\u0142y pozmienia\u0142.<\/p>\n<p style=\"text-align: center;\">*<\/p>\n<p style=\"text-align: center;\">3.<\/p>\n<p style=\"text-align: center;\">Dzi\u015b zn\u00f3w pragn\u0119 tak mocno zawierzy\u0107.<\/p>\n<p style=\"text-align: center;\">W czas, gdy serce jak op\u0142atek \u0142ama\u0142em,<\/p>\n<p style=\"text-align: center;\">i dzieli\u0142em po\u015br\u00f3d bliskich tej wieczerzy.<\/p>\n<p style=\"text-align: center;\">A gdzie\u015b w niebie wysokim,<\/p>\n<p style=\"text-align: center;\">gdzie\u015b z szuflady kredensu,<\/p>\n<p style=\"text-align: center;\">\u015bpiew matczyny nad dzieci\u0105tkiem s\u0142ysza\u0142em:<\/p>\n<p style=\"text-align: center;\">\u201cLulaj\u017ce Jezuniu moja pere\u0142ko, lulaj ulubione&#8230;\u201d<\/p>\n","protected":false},"excerpt":{"rendered":"<p>Dzi\u015b \u015bwi\u0105tecznie \u2013 Anna W\u0142odarczyk i Wies\u0142aw Maliszewski.<\/p>\n","protected":false},"author":1,"featured_media":0,"comment_status":"closed","ping_status":"closed","sticky":false,"template":"","format":"standard","meta":{"footnotes":""},"categories":[5,48,6,108],"tags":[122,3669,49,51],"class_list":["post-25430","post","type-post","status-publish","format-standard","hentry","category-newsy","category-kacik-literacki","category-kultura-rozrywka-edukacja","category-okienko-poetyckie","tag-anna-wlodarczyk","tag-okienko-poetyckie","tag-wiersze","tag-wieslaw-maliszewski"],"views":2478,"_links":{"self":[{"href":"https:\/\/info.sadowne.pl\/index.php?rest_route=\/wp\/v2\/posts\/25430","targetHints":{"allow":["GET"]}}],"collection":[{"href":"https:\/\/info.sadowne.pl\/index.php?rest_route=\/wp\/v2\/posts"}],"about":[{"href":"https:\/\/info.sadowne.pl\/index.php?rest_route=\/wp\/v2\/types\/post"}],"author":[{"embeddable":true,"href":"https:\/\/info.sadowne.pl\/index.php?rest_route=\/wp\/v2\/users\/1"}],"replies":[{"embeddable":true,"href":"https:\/\/info.sadowne.pl\/index.php?rest_route=%2Fwp%2Fv2%2Fcomments&post=25430"}],"version-history":[{"count":3,"href":"https:\/\/info.sadowne.pl\/index.php?rest_route=\/wp\/v2\/posts\/25430\/revisions"}],"predecessor-version":[{"id":25437,"href":"https:\/\/info.sadowne.pl\/index.php?rest_route=\/wp\/v2\/posts\/25430\/revisions\/25437"}],"wp:attachment":[{"href":"https:\/\/info.sadowne.pl\/index.php?rest_route=%2Fwp%2Fv2%2Fmedia&parent=25430"}],"wp:term":[{"taxonomy":"category","embeddable":true,"href":"https:\/\/info.sadowne.pl\/index.php?rest_route=%2Fwp%2Fv2%2Fcategories&post=25430"},{"taxonomy":"post_tag","embeddable":true,"href":"https:\/\/info.sadowne.pl\/index.php?rest_route=%2Fwp%2Fv2%2Ftags&post=25430"}],"curies":[{"name":"wp","href":"https:\/\/api.w.org\/{rel}","templated":true}]}}