{"id":25433,"date":"2021-12-23T11:51:54","date_gmt":"2021-12-23T10:51:54","guid":{"rendered":"http:\/\/info.sadowne.pl\/?p=25433"},"modified":"2021-12-23T11:51:54","modified_gmt":"2021-12-23T10:51:54","slug":"o-kamienczyku-w-prasie-z-lat-1881-1901","status":"publish","type":"post","link":"https:\/\/info.sadowne.pl\/?p=25433","title":{"rendered":"O Kamie\u0144czyku w prasie z lat 1881-1901\u2026"},"content":{"rendered":"<p><strong><a href=\"http:\/\/info.sadowne.pl\/wp-content\/uploads\/2021\/12\/Brok67.jpg\" target=\"_blank\" rel=\"noopener\"><img loading=\"lazy\" decoding=\"async\" class=\"alignleft wp-image-25434 size-thumbnail\" src=\"http:\/\/info.sadowne.pl\/wp-content\/uploads\/2021\/12\/Brok67-180x130.jpg\" alt=\"\" width=\"180\" height=\"130\" \/><\/a>\u2026<\/strong><strong>i troszk\u0119 o znachorach<\/strong><strong>.<\/strong><!--more--><\/p>\n<p>Ostatnio go\u015bcili\u015bmy w Bra\u0144szczyku, miejscowo\u015bci po\u0142o\u017conej na kraw\u0119dzi brokowskiego wszech\u015bwiata, a dok\u0142adniej na brzegu skorupy \u017c\u00f3\u0142wia, na kt\u00f3rej jak powszechnie wiadomo, wzmiankowane uniwersum si\u0119 lokuje. Dalej nawet o krok si\u0119 nie ruszymy, bo to \u015bwiat nieznany, niebezpieczny. W Bra\u0144szczyku wskoczyli\u015bmy na prom, kt\u00f3ry przewi\u00f3z\u0142 nas do Kamie\u0144czyka. W staro\u017cytno\u015bci by\u0142o to miasto nie mniej od Broku znacz\u0105ce, a pod wzgl\u0119dem handlowym nawet wy\u017cej stoj\u0105ce, a to z tej przyczyny, \u017ce w porcie miejscowym prze\u0142adowywano na statki p\u0142yn\u0105ce do Gda\u0144ska, zbo\u017ce sp\u0142awiane Liwcem, przez licznie zamieszkuj\u0105c\u0105 brzegi tej rzeki szaraczkow\u0105 szlacht\u0119. Biedna by\u0142a zwykle ta szlachta, typowo podlaska i mazowiecka. W karczmie r\u00f3wno piwo z kmieciami pi\u0142a i nie widzia\u0142a sromoty we wchodzeniu w koligacje z miejskimi \u0142ykami. Cz\u0119sto dzieci swe na s\u0142u\u017cb\u0119 do ziemia\u0144stwa zamo\u017cniejszego albo do rzemios\u0142a do miasta posy\u0142a\u0142a. Intrata z fortunki \u015bmiechu by\u0142a warta, wi\u0119c kilku asan\u00f3w w kup\u0119 si\u0119 zbiera\u0142o i s\u0142a\u0142o swoje korce do Gda\u0144ska.<\/p>\n<p><strong>Wi\u0119cej na stronie <span style=\"color: #0000ff;\"><a style=\"color: #0000ff;\" href=\"https:\/\/madzelan.cba.pl\/o-kamienczyku-w-prasie-z-lat-1881-1901-i-troszke-o-znachorach\/\" target=\"_blank\" rel=\"noopener\">https:\/\/madzelan.cba.pl\/o-kamienczyku-w-prasie-z-lat-1881-1901-i-troszke-o-znachorach\/<\/a><\/span><\/strong><\/p>\n","protected":false},"excerpt":{"rendered":"<p>\u2026i troszk\u0119 o znachorach.<\/p>\n","protected":false},"author":1,"featured_media":0,"comment_status":"closed","ping_status":"closed","sticky":false,"template":"","format":"standard","meta":{"footnotes":""},"categories":[5,3436,31],"tags":[3004,3681,2956],"class_list":["post-25433","post","type-post","status-publish","format-standard","hentry","category-newsy","category-opowiesci-historie-legendy-brokowskie-i-nie-tylko","category-historia-gminy","tag-jerzy-madzelan","tag-kamienczyk","tag-opowiesci-historie-legendy-brokowskie-i-nie-tylko"],"views":2257,"_links":{"self":[{"href":"https:\/\/info.sadowne.pl\/index.php?rest_route=\/wp\/v2\/posts\/25433","targetHints":{"allow":["GET"]}}],"collection":[{"href":"https:\/\/info.sadowne.pl\/index.php?rest_route=\/wp\/v2\/posts"}],"about":[{"href":"https:\/\/info.sadowne.pl\/index.php?rest_route=\/wp\/v2\/types\/post"}],"author":[{"embeddable":true,"href":"https:\/\/info.sadowne.pl\/index.php?rest_route=\/wp\/v2\/users\/1"}],"replies":[{"embeddable":true,"href":"https:\/\/info.sadowne.pl\/index.php?rest_route=%2Fwp%2Fv2%2Fcomments&post=25433"}],"version-history":[{"count":1,"href":"https:\/\/info.sadowne.pl\/index.php?rest_route=\/wp\/v2\/posts\/25433\/revisions"}],"predecessor-version":[{"id":25435,"href":"https:\/\/info.sadowne.pl\/index.php?rest_route=\/wp\/v2\/posts\/25433\/revisions\/25435"}],"wp:attachment":[{"href":"https:\/\/info.sadowne.pl\/index.php?rest_route=%2Fwp%2Fv2%2Fmedia&parent=25433"}],"wp:term":[{"taxonomy":"category","embeddable":true,"href":"https:\/\/info.sadowne.pl\/index.php?rest_route=%2Fwp%2Fv2%2Fcategories&post=25433"},{"taxonomy":"post_tag","embeddable":true,"href":"https:\/\/info.sadowne.pl\/index.php?rest_route=%2Fwp%2Fv2%2Ftags&post=25433"}],"curies":[{"name":"wp","href":"https:\/\/api.w.org\/{rel}","templated":true}]}}