{"id":25446,"date":"2021-12-29T12:24:34","date_gmt":"2021-12-29T11:24:34","guid":{"rendered":"http:\/\/info.sadowne.pl\/?p=25446"},"modified":"2021-12-29T12:24:34","modified_gmt":"2021-12-29T11:24:34","slug":"jaselka-bozonarodzeniowe","status":"publish","type":"post","link":"https:\/\/info.sadowne.pl\/?p=25446","title":{"rendered":"Jase\u0142ka Bo\u017conarodzeniowe"},"content":{"rendered":"<p><strong><a href=\"http:\/\/info.sadowne.pl\/wp-content\/uploads\/2021\/12\/2021.12.29.2.jpg\" target=\"_blank\" rel=\"noopener\"><img loading=\"lazy\" decoding=\"async\" class=\"alignleft wp-image-25447 size-thumbnail\" src=\"http:\/\/info.sadowne.pl\/wp-content\/uploads\/2021\/12\/2021.12.29.2-180x130.jpg\" alt=\"\" width=\"180\" height=\"130\" \/><\/a>17 grudnia 2021 roku w Niepublicznej Szkole Podstawowej w Orze\u0142ku odby\u0142y si\u0119 Jase\u0142ka Bo\u017conarodzeniowe, przygotowane przez przedszkolak\u00f3w i uczni\u00f3w szko\u0142y podstawowej. <\/strong><!--more--><\/p>\n<p><em>Przedstawienie by\u0142o wyj\u0105tkowe. Dzieci z du\u017cym zaanga\u017cowaniem odgrywa\u0142y swoje role i prze\u017cywa\u0142y magi\u0119 \u015awi\u0105t Bo\u017cego Narodzenia. Jak powszechnie wiadomo, \u015awi\u0119ta Bo\u017cego Narodzenia s\u0105 najbardziej rodzinnymi i ciep\u0142ymi \u015bwi\u0119tami, pozwalaj\u0105cymi poczu\u0107 serdeczno\u015b\u0107 i mi\u0142o\u015b\u0107 wszystkich wok\u00f3\u0142.\u00a0<\/em><\/p>\n<p><strong>Wi\u0119cej na stronie <span style=\"color: #0000ff;\"><a style=\"color: #0000ff;\" href=\"http:\/\/sporzelek.szkolnastrona.pl\/index.php?c=article&amp;id=463\" target=\"_blank\" rel=\"noopener\">http:\/\/sporzelek.szkolnastrona.pl\/index.php?c=article&amp;id=463<\/a><\/span><\/strong><\/p>\n<p><strong>\u0179r\u00f3d\u0142o:<\/strong> <a href=\"http:\/\/www.sporzelek.szkolnastrona.pl\" target=\"_blank\" rel=\"noopener\">www.sporzelek.szkolnastrona.pl<\/a><\/p>\n","protected":false},"excerpt":{"rendered":"<p>17 grudnia 2021 roku w Niepublicznej Szkole Podstawowej w Orze\u0142ku odby\u0142y si\u0119 Jase\u0142ka Bo\u017conarodzeniowe, przygotowane przez przedszkolak\u00f3w i uczni\u00f3w szko\u0142y podstawowej.<\/p>\n","protected":false},"author":1,"featured_media":0,"comment_status":"closed","ping_status":"closed","sticky":false,"template":"","format":"standard","meta":{"footnotes":""},"categories":[5,1752,43],"tags":[1697,937],"class_list":["post-25446","post","type-post","status-publish","format-standard","hentry","category-newsy","category-edukacja","category-szkola-podstawowa-w-orzelku","tag-jaselka-w-orzelku","tag-niepubliczna-szkola-podstawowa-w-orzelku"],"views":2343,"_links":{"self":[{"href":"https:\/\/info.sadowne.pl\/index.php?rest_route=\/wp\/v2\/posts\/25446","targetHints":{"allow":["GET"]}}],"collection":[{"href":"https:\/\/info.sadowne.pl\/index.php?rest_route=\/wp\/v2\/posts"}],"about":[{"href":"https:\/\/info.sadowne.pl\/index.php?rest_route=\/wp\/v2\/types\/post"}],"author":[{"embeddable":true,"href":"https:\/\/info.sadowne.pl\/index.php?rest_route=\/wp\/v2\/users\/1"}],"replies":[{"embeddable":true,"href":"https:\/\/info.sadowne.pl\/index.php?rest_route=%2Fwp%2Fv2%2Fcomments&post=25446"}],"version-history":[{"count":1,"href":"https:\/\/info.sadowne.pl\/index.php?rest_route=\/wp\/v2\/posts\/25446\/revisions"}],"predecessor-version":[{"id":25448,"href":"https:\/\/info.sadowne.pl\/index.php?rest_route=\/wp\/v2\/posts\/25446\/revisions\/25448"}],"wp:attachment":[{"href":"https:\/\/info.sadowne.pl\/index.php?rest_route=%2Fwp%2Fv2%2Fmedia&parent=25446"}],"wp:term":[{"taxonomy":"category","embeddable":true,"href":"https:\/\/info.sadowne.pl\/index.php?rest_route=%2Fwp%2Fv2%2Fcategories&post=25446"},{"taxonomy":"post_tag","embeddable":true,"href":"https:\/\/info.sadowne.pl\/index.php?rest_route=%2Fwp%2Fv2%2Ftags&post=25446"}],"curies":[{"name":"wp","href":"https:\/\/api.w.org\/{rel}","templated":true}]}}