{"id":25449,"date":"2021-12-29T12:27:35","date_gmt":"2021-12-29T11:27:35","guid":{"rendered":"http:\/\/info.sadowne.pl\/?p=25449"},"modified":"2021-12-29T12:27:35","modified_gmt":"2021-12-29T11:27:35","slug":"kolednicy-misyjni","status":"publish","type":"post","link":"https:\/\/info.sadowne.pl\/?p=25449","title":{"rendered":"Kol\u0119dnicy misyjni"},"content":{"rendered":"<p><strong><a href=\"http:\/\/info.sadowne.pl\/wp-content\/uploads\/2021\/12\/2021.12.29.1.jpg\" target=\"_blank\" rel=\"noopener\"><img loading=\"lazy\" decoding=\"async\" class=\"alignleft wp-image-25450 size-thumbnail\" src=\"http:\/\/info.sadowne.pl\/wp-content\/uploads\/2021\/12\/2021.12.29.1-180x130.jpg\" alt=\"\" width=\"180\" height=\"130\" \/><\/a>\u201eCz\u0142owiek jest wielki nie przez to, co posiada, lecz przez to, kim jest; nie przez to, co ma, lecz przez to, czym dzieli si\u0119 z innymi\u201d.\u00a0<\/strong><strong>\u00a0<\/strong><!--more--><\/p>\n<p><em>To s\u0142owa Papie\u017ca, \u015bw. Jana Paw\u0142a II, kt\u00f3re stale motywuj\u0105 nas do pomagania innym.<\/em><\/p>\n<p><em>W pi\u0105tek, 17 grudnia 2021r. uczniowie z klasy IV b wcielili si\u0119 w role kol\u0119dnik\u00f3w misyjnych. Jest to og\u00f3lnopolska akcja misyjna, w kt\u00f3rej wzi\u0119li\u015bmy udzia\u0142 ju\u017c po raz dwudziesty. W tym roku, z racji na pandemi\u0119, t\u0119 akcj\u0119 ostatecznie ograniczyli\u015bmy do naszej szko\u0142y. Kol\u0119dnicy Misyjni zawitali do ka\u017cdej klasy pocz\u0105wszy od grup przedszkolnych. By\u0142a to dobra okazja, by wsp\u00f3lnie w klasach za\u015bpiewa\u0107 kol\u0119d\u0119. Nast\u0119pnie kol\u0119dnicy przedstawili scenk\u0119 kol\u0119dnicz\u0105 o Bo\u017cym Narodzeniu i o sytuacji dzieci w krajach Azji \u015arodkowej. To w\u0142a\u015bnie dla dzieci z Kazachstanu, Kirgistanu i Uzbekistanu zostan\u0105 przekazane ofiary zebrane podczas tej akcji.<\/em><\/p>\n<p><em>Dzi\u0119kujemy za Wasze otwarte serca, zaanga\u017cowanie i \u017cyczliwo\u015b\u0107. Szczeg\u00f3lne podzi\u0119kowania nale\u017c\u0105 si\u0119 klasie IV b i ich rodzicom.<\/em><\/p>\n<p><strong>Wi\u0119cej na stronie <span style=\"color: #0000ff;\"><a style=\"color: #0000ff;\" href=\"http:\/\/spsadowne.pl\/kolednicy-misyjni-w-naszej-szkole\/\" target=\"_blank\" rel=\"noopener\">http:\/\/spsadowne.pl\/kolednicy-misyjni-w-naszej-szkole\/<\/a><\/span><\/strong><\/p>\n<p><strong>\u0179r\u00f3d\u0142o:<\/strong> <a href=\"http:\/\/www.spsadowne.pl\" target=\"_blank\" rel=\"noopener\">www.spsadowne.pl<\/a><\/p>\n","protected":false},"excerpt":{"rendered":"<p>\u201eCz\u0142owiek jest wielki nie przez to, co posiada, lecz przez to, kim jest; nie przez to, co ma, lecz przez to, czym dzieli si\u0119 z innymi\u201d.\u00a0\u00a0<\/p>\n","protected":false},"author":1,"featured_media":0,"comment_status":"closed","ping_status":"closed","sticky":false,"template":"","format":"standard","meta":{"footnotes":""},"categories":[5,1752,84],"tags":[3682,16],"class_list":["post-25449","post","type-post","status-publish","format-standard","hentry","category-newsy","category-edukacja","category-szkola-podstawowa-im-cz-wycecha","tag-kolednicy-misyjni-w-sadownem","tag-szkola-podstawowa-w-sadownem"],"views":2010,"_links":{"self":[{"href":"https:\/\/info.sadowne.pl\/index.php?rest_route=\/wp\/v2\/posts\/25449","targetHints":{"allow":["GET"]}}],"collection":[{"href":"https:\/\/info.sadowne.pl\/index.php?rest_route=\/wp\/v2\/posts"}],"about":[{"href":"https:\/\/info.sadowne.pl\/index.php?rest_route=\/wp\/v2\/types\/post"}],"author":[{"embeddable":true,"href":"https:\/\/info.sadowne.pl\/index.php?rest_route=\/wp\/v2\/users\/1"}],"replies":[{"embeddable":true,"href":"https:\/\/info.sadowne.pl\/index.php?rest_route=%2Fwp%2Fv2%2Fcomments&post=25449"}],"version-history":[{"count":1,"href":"https:\/\/info.sadowne.pl\/index.php?rest_route=\/wp\/v2\/posts\/25449\/revisions"}],"predecessor-version":[{"id":25451,"href":"https:\/\/info.sadowne.pl\/index.php?rest_route=\/wp\/v2\/posts\/25449\/revisions\/25451"}],"wp:attachment":[{"href":"https:\/\/info.sadowne.pl\/index.php?rest_route=%2Fwp%2Fv2%2Fmedia&parent=25449"}],"wp:term":[{"taxonomy":"category","embeddable":true,"href":"https:\/\/info.sadowne.pl\/index.php?rest_route=%2Fwp%2Fv2%2Fcategories&post=25449"},{"taxonomy":"post_tag","embeddable":true,"href":"https:\/\/info.sadowne.pl\/index.php?rest_route=%2Fwp%2Fv2%2Ftags&post=25449"}],"curies":[{"name":"wp","href":"https:\/\/api.w.org\/{rel}","templated":true}]}}