{"id":25455,"date":"2021-12-30T12:36:04","date_gmt":"2021-12-30T11:36:04","guid":{"rendered":"http:\/\/info.sadowne.pl\/?p=25455"},"modified":"2021-12-30T12:36:04","modified_gmt":"2021-12-30T11:36:04","slug":"parafia-sadowne-ksiega-ochrzczonych-1745-1774","status":"publish","type":"post","link":"https:\/\/info.sadowne.pl\/?p=25455","title":{"rendered":"Parafia Sadowne. Ksi\u0119ga ochrzczonych 1745\u20131774"},"content":{"rendered":"<p><strong><a href=\"http:\/\/info.sadowne.pl\/wp-content\/uploads\/2020\/05\/Brok27.jpg\"><img loading=\"lazy\" decoding=\"async\" class=\"alignleft size-thumbnail wp-image-23439\" src=\"http:\/\/info.sadowne.pl\/wp-content\/uploads\/2020\/05\/Brok27-180x130.jpg\" alt=\"\" width=\"180\" height=\"130\" \/><\/a>Wpisy zawieraj\u0105 kolejno: dat\u0119 ochrzczenia i numer wpisu; miejsce narodzin; dane duchownego, kt\u00f3ry dziecko ochrzci\u0142; imi\u0119 i nazwisko ochrzczonego; <\/strong><!--more--><\/p>\n<p><strong>imiona rodzic\u00f3w wraz ze skr\u00f3tem, okre\u015blaj\u0105cym ich przynale\u017cno\u015b\u0107 spo\u0142eczn\u0105; dane rodzic\u00f3w chrzestnych. <\/strong><\/p>\n<p>W obliczu ogromnej \u015bmiertelno\u015bci noworodk\u00f3w, chrztu starano si\u0119 dokona\u0107 jak najszybciej. Gdy od momentu narodzin do ochrzczenia up\u0142yn\u0119\u0142y dwa dni, to by\u0142o to wydarzenie na tyle wyj\u0105tkowe, \u017ce cz\u0119sto odnotowane w ksi\u0119gach.<\/p>\n<p><strong>Wi\u0119cej na stronie <span style=\"color: #0000ff;\"><a style=\"color: #0000ff;\" href=\"https:\/\/madzelan.cba.pl\/parafia-sadowne-ksiega-ochrzczonych-1745-1774\/\" target=\"_blank\" rel=\"noopener\">https:\/\/madzelan.cba.pl\/parafia-sadowne-ksiega-ochrzczonych-1745-1774\/<\/a><\/span><\/strong><\/p>\n","protected":false},"excerpt":{"rendered":"<p>Wpisy zawieraj\u0105 kolejno: dat\u0119 ochrzczenia i numer wpisu; miejsce narodzin; dane duchownego, kt\u00f3ry dziecko ochrzci\u0142; imi\u0119 i nazwisko ochrzczonego;<\/p>\n","protected":false},"author":1,"featured_media":0,"comment_status":"closed","ping_status":"closed","sticky":false,"template":"","format":"standard","meta":{"footnotes":""},"categories":[5,3436,31],"tags":[101,3004,3543,2956],"class_list":["post-25455","post","type-post","status-publish","format-standard","hentry","category-newsy","category-opowiesci-historie-legendy-brokowskie-i-nie-tylko","category-historia-gminy","tag-historia-gminy-sadowne","tag-jerzy-madzelan","tag-ksiega-ochrzczonych-parafii-sadowne","tag-opowiesci-historie-legendy-brokowskie-i-nie-tylko"],"views":2130,"_links":{"self":[{"href":"https:\/\/info.sadowne.pl\/index.php?rest_route=\/wp\/v2\/posts\/25455","targetHints":{"allow":["GET"]}}],"collection":[{"href":"https:\/\/info.sadowne.pl\/index.php?rest_route=\/wp\/v2\/posts"}],"about":[{"href":"https:\/\/info.sadowne.pl\/index.php?rest_route=\/wp\/v2\/types\/post"}],"author":[{"embeddable":true,"href":"https:\/\/info.sadowne.pl\/index.php?rest_route=\/wp\/v2\/users\/1"}],"replies":[{"embeddable":true,"href":"https:\/\/info.sadowne.pl\/index.php?rest_route=%2Fwp%2Fv2%2Fcomments&post=25455"}],"version-history":[{"count":1,"href":"https:\/\/info.sadowne.pl\/index.php?rest_route=\/wp\/v2\/posts\/25455\/revisions"}],"predecessor-version":[{"id":25456,"href":"https:\/\/info.sadowne.pl\/index.php?rest_route=\/wp\/v2\/posts\/25455\/revisions\/25456"}],"wp:attachment":[{"href":"https:\/\/info.sadowne.pl\/index.php?rest_route=%2Fwp%2Fv2%2Fmedia&parent=25455"}],"wp:term":[{"taxonomy":"category","embeddable":true,"href":"https:\/\/info.sadowne.pl\/index.php?rest_route=%2Fwp%2Fv2%2Fcategories&post=25455"},{"taxonomy":"post_tag","embeddable":true,"href":"https:\/\/info.sadowne.pl\/index.php?rest_route=%2Fwp%2Fv2%2Ftags&post=25455"}],"curies":[{"name":"wp","href":"https:\/\/api.w.org\/{rel}","templated":true}]}}