{"id":25487,"date":"2022-01-09T11:44:46","date_gmt":"2022-01-09T10:44:46","guid":{"rendered":"http:\/\/info.sadowne.pl\/?p=25487"},"modified":"2022-01-11T20:19:58","modified_gmt":"2022-01-11T19:19:58","slug":"wiersz-z-okienka-2","status":"publish","type":"post","link":"https:\/\/info.sadowne.pl\/?p=25487","title":{"rendered":"Wiersz z okienka &#8211; &#8222;Mamie&#8221;"},"content":{"rendered":"<p><a href=\"http:\/\/info.sadowne.pl\/wp-content\/uploads\/2022\/01\/2022.01.09.1.jpg\" target=\"_blank\" rel=\"noopener\"><img loading=\"lazy\" decoding=\"async\" class=\"alignleft wp-image-25488 size-thumbnail\" src=\"http:\/\/info.sadowne.pl\/wp-content\/uploads\/2022\/01\/2022.01.09.1-180x130.jpg\" alt=\"\" width=\"180\" height=\"130\" \/><\/a><\/p>\n<p><strong>Na dzi\u015b wiersz pt. &#8222;Mamie&#8221; Anny W\u0142odarczyk <em>(LO Sadowne lata 1997-2001 &#8211; Anna Kowalczyk).<\/em><\/strong><!--more--><\/p>\n<p style=\"text-align: center;\"><em>*<\/em><\/p>\n<p style=\"text-align: center;\">*<\/p>\n<p style=\"text-align: center;\">*<\/p>\n<p style=\"text-align: center;\">*<\/p>\n<p style=\"text-align: center;\"><strong>Mamie<\/strong><\/p>\n<p style=\"text-align: center;\"><strong>\u00a0*<\/strong><\/p>\n<p style=\"text-align: center;\">Jutro b\u0119d\u0119 daleko, a gdy daleko b\u0119d\u0119,<\/p>\n<p style=\"text-align: center;\">zabior\u0119 ze sob\u0105 zapach Twoich perfum i oddech.<\/p>\n<p style=\"text-align: center;\">W\u015br\u00f3d obcych zasadz\u0119 kawa\u0142eczek Ciebie<\/p>\n<p style=\"text-align: center;\">i zamieszkasz w dw\u00f3ch miejscach nic o tym nie wiedz\u0105c.<\/p>\n<p style=\"text-align: center;\">*<\/p>\n<p style=\"text-align: center;\">Ka\u017cdego dnia \u0142atwiej mi b\u0119dzie<\/p>\n<p style=\"text-align: center;\">prze\u017cy\u0107 kolejny wstyd i \u017cal kolejny.<\/p>\n<p style=\"text-align: center;\">A nie pomy\u015bl nawet przez chwil\u0119,<\/p>\n<p style=\"text-align: center;\">\u017ce mog\u0142abym zapomnie\u0107.<\/p>\n<p style=\"text-align: center;\">*<\/p>\n<p style=\"text-align: center;\">Tygodnie-posklejane kawa\u0142ki podr\u00f3\u017cy.<\/p>\n<p style=\"text-align: center;\">S\u0105 wi\u0119c powroty i to, co pomi\u0119dzy nimi.<\/p>\n<p style=\"text-align: center;\">A mo\u017ce nie ma nic opr\u00f3cz powrot\u00f3w?<\/p>\n<p style=\"text-align: center;\">*<\/p>\n<p style=\"text-align: center;\">Tak si\u0119 stara\u0142a\u015b nauczy\u0107 mnie \u017cycia, \u017ce si\u0119 uda\u0142o,<\/p>\n<p style=\"text-align: center;\">bo kocham za bardzo.<\/p>\n<p><strong>Foto:<\/strong> W. Maliszewski<\/p>\n","protected":false},"excerpt":{"rendered":"<p>Na dzi\u015b wiersz pt. &#8222;Mamie&#8221; Anny W\u0142odarczyk (LO Sadowne lata 1997-2001 &#8211; Anna Kowalczyk).<\/p>\n","protected":false},"author":1,"featured_media":0,"comment_status":"closed","ping_status":"closed","sticky":false,"template":"","format":"standard","meta":{"footnotes":""},"categories":[5,48,6,108],"tags":[122,3669,3690],"class_list":["post-25487","post","type-post","status-publish","format-standard","hentry","category-newsy","category-kacik-literacki","category-kultura-rozrywka-edukacja","category-okienko-poetyckie","tag-anna-wlodarczyk","tag-okienko-poetyckie","tag-wiersz-mamie-anny-wlodarczyk"],"views":1865,"_links":{"self":[{"href":"https:\/\/info.sadowne.pl\/index.php?rest_route=\/wp\/v2\/posts\/25487","targetHints":{"allow":["GET"]}}],"collection":[{"href":"https:\/\/info.sadowne.pl\/index.php?rest_route=\/wp\/v2\/posts"}],"about":[{"href":"https:\/\/info.sadowne.pl\/index.php?rest_route=\/wp\/v2\/types\/post"}],"author":[{"embeddable":true,"href":"https:\/\/info.sadowne.pl\/index.php?rest_route=\/wp\/v2\/users\/1"}],"replies":[{"embeddable":true,"href":"https:\/\/info.sadowne.pl\/index.php?rest_route=%2Fwp%2Fv2%2Fcomments&post=25487"}],"version-history":[{"count":8,"href":"https:\/\/info.sadowne.pl\/index.php?rest_route=\/wp\/v2\/posts\/25487\/revisions"}],"predecessor-version":[{"id":25508,"href":"https:\/\/info.sadowne.pl\/index.php?rest_route=\/wp\/v2\/posts\/25487\/revisions\/25508"}],"wp:attachment":[{"href":"https:\/\/info.sadowne.pl\/index.php?rest_route=%2Fwp%2Fv2%2Fmedia&parent=25487"}],"wp:term":[{"taxonomy":"category","embeddable":true,"href":"https:\/\/info.sadowne.pl\/index.php?rest_route=%2Fwp%2Fv2%2Fcategories&post=25487"},{"taxonomy":"post_tag","embeddable":true,"href":"https:\/\/info.sadowne.pl\/index.php?rest_route=%2Fwp%2Fv2%2Ftags&post=25487"}],"curies":[{"name":"wp","href":"https:\/\/api.w.org\/{rel}","templated":true}]}}