{"id":25526,"date":"2022-01-19T15:21:00","date_gmt":"2022-01-19T14:21:00","guid":{"rendered":"http:\/\/info.sadowne.pl\/?p=25526"},"modified":"2022-01-19T15:21:00","modified_gmt":"2022-01-19T14:21:00","slug":"w-gok-u-zagrali-i-zaspiewali-koledy","status":"publish","type":"post","link":"https:\/\/info.sadowne.pl\/?p=25526","title":{"rendered":"W GOK-u zagrali i za\u015bpiewali kol\u0119dy"},"content":{"rendered":"<p><strong><a href=\"http:\/\/info.sadowne.pl\/wp-content\/uploads\/2022\/01\/2022.01.19.1.jpg\" target=\"_blank\" rel=\"noopener\"><img loading=\"lazy\" decoding=\"async\" class=\"alignleft wp-image-25527 size-thumbnail\" src=\"http:\/\/info.sadowne.pl\/wp-content\/uploads\/2022\/01\/2022.01.19.1-180x130.jpg\" alt=\"\" width=\"180\" height=\"130\" \/><\/a>Okres Bo\u017cego Narodzenia to czas rado\u015bci, prezent\u00f3w i wsp\u00f3lnego kol\u0119dowania. W t\u0119 pi\u0119kn\u0105 tradycj\u0119 w\u0142\u0105cza si\u0119 aktywnie Gminny O\u015brodek Kultury w Sadownem przygotowuj\u0105c doroczny koncert kol\u0119d i pastora\u0142ek. <\/strong><!--more--><\/p>\n<p>18 stycznia 2022 roku po\u0142\u0105czyli\u015bmy wsp\u00f3lne kol\u0119dowanie z radosnym wydarzeniem wr\u0119czenia nagr\u00f3d z konkursie na NAJ\u0141ADNIEJSZ\u0104 BO\u017bONARODZENIOW\u0104 DEKORACJ\u0118 POSESJI W GMINIE SADOWNE.<\/p>\n<p>Pierwszym punktem naszego spotkania bo\u017conarodzeniowego by\u0142o wr\u0119czenie nagr\u00f3d dla laureat\u00f3w konkursu na NAJ\u0141ADNIEJSZ\u0104 BO\u017bONARODZENIOW\u0104 DEKORACJ\u0118&#8230;.<\/p>\n<p>W tym roku nagrody otrzymali\u00a0 pp. Anna i Dariusz Skarpetowscy oraz Magdalena i Tadeusz Pu\u015bcion. Nast\u0119pnie uczestnicy ko\u0142a muzycznego GOK Sadowne zaprezentowali najpi\u0119kniejsze polskie kol\u0119dy\u00a0i tak:<\/p>\n<p>\u201eW\u015br\u00f3d nocnej ciszy\u201d\u00a0 zagrali wszyscy gitarzy\u015bci, a nast\u0119pnie przy akompaniamencie \u00a0Magdy Narowskiej i Weroniki W\u00f3jcik Natalia Wojciechowska, Amelia Krzewska, Amelia Gulska, Justyna Zawistowka, Julia Kowalczyk, Julia Rosi\u0144ska oraz Kamil Czarnecki za\u015bpiewali kol\u0119dy \u201eP\u00f3jd\u017amy wszyscy do stajenki\u201d oraz \u201ePrzybie\u017celi do Betlejem\u201d , \u201eCicha noc\u201d, \u201eLulaj\u017ce Jezuniu\u201d i \u201eGdy si\u0119 Chrystus\u201d .<\/p>\n<p>Nasi m\u0142odzi muzycy mieli tak\u017ce wyst\u0119py solowe. Mogli\u015bmy us\u0142ysze\u0107 Bryana Korosia graj\u0105cego na keyboardzie \u201eLulaj\u017ce Jezuniu\u201d, Adriana Kalbarczyka w gitarowym wykonaniu kol\u0119dy \u00a0\u201eP\u00f3jd\u017amy wszyscy do stajenki\u201d oraz kol\u0119duj\u0105cych Oskara Bal\u0119 \u201eDzisiaj w Betlejem\u201d (keyboard), Ameli\u0119 Krzewsk\u0105 (gitara) \u201eCicha noc\u201d, Maj\u0119 Bubrzyk (gitara) \u201eLulaj\u017ce, Jezuniu\u201d, Kamila Czarneckiego (keyboard) \u201eP\u00f3jd\u017amy wszyscy do stajenki\u201d, Natali\u0119 Wojciechowsk\u0105 (gitara) \u201eGdy \u015bliczna Panna\u201d, Juli\u0119 Kowalczyk (keyboard) \u201eJezus malusie\u0144ki&#8221;, Alana Czarnog\u00f3rskiego (gitara) \u201eP\u00f3jd\u017amy wszyscy do stajenki\u201d, Juli\u0119 Rosi\u0144sk\u0105 (keyboard) \u201eCicha noc\u201d, Juli\u0119 Kalbarczyk (gitara) \u201eGdy \u015bliczna Panna\u201d, Ameli\u0119 Gulsk\u0105 (gitara) \u201eDo szopy, hej, pasterze\u201d, Justyn\u0119 Zawistowsk\u0105 (gitara) \u00a0\u201eP\u00f3jd\u017amy wszyscy do stajenki\u201d oraz Ann\u0119 Sobolewsk\u0105 (keyboard) \u201e Gore gwiazda Jezusowi\u201d. Solo za\u015bpiewali Magda Narowska w kol\u0119dzie \u201eB\u00f3g narodzi\u0142 si\u0119\u201d oraz Kamil Czarnecki w kol\u0119dzie \u201eBosy Pastuszek\u201d.<\/p>\n<p>Mamy nadziej\u0119, \u017ce rado\u015b\u0107 ze \u015awi\u0105t Bo\u017cego Narodzenia udzieli\u0142a si\u0119 wszystkim obecnym. Dzi\u0119kujemy serdecznie m\u0142odym artystom i przede wszystkim Pani Ewie Jakubik, kt\u00f3ra w\u0142o\u017cy\u0142a du\u017co serca i pracy w przygotowanie tego koncertu.<\/p>\n<p><span style=\"color: #0000ff;\"><a style=\"color: #0000ff;\" href=\"https:\/\/photos.google.com\/share\/AF1QipMg2pUcLc6f-U4Gz-rXqPW-iblaa6Jratb8mruHZmkO_Dp894udpHfjCTIswzUcdg?key=a2l0V3JZQWJ1ZV9FclZXWmZJR0haNWI2b0ZvNUFB\" target=\"_blank\" rel=\"noopener\"><strong>Zdj\u0119cia w galerii Google&gt;&gt;&gt;<\/strong><\/a><\/span><\/p>\n<p><strong>Tekst\/foto:<\/strong> GOK Sadowne<\/p>\n","protected":false},"excerpt":{"rendered":"<p>Okres Bo\u017cego Narodzenia to czas rado\u015bci, prezent\u00f3w i wsp\u00f3lnego kol\u0119dowania. W t\u0119 pi\u0119kn\u0105 tradycj\u0119 w\u0142\u0105cza si\u0119 aktywnie Gminny O\u015brodek Kultury w Sadownem przygotowuj\u0105c doroczny koncert kol\u0119d i pastora\u0142ek.<\/p>\n","protected":false},"author":1,"featured_media":0,"comment_status":"closed","ping_status":"closed","sticky":false,"template":"","format":"standard","meta":{"footnotes":""},"categories":[5,2149,6],"tags":[169,3692],"class_list":["post-25526","post","type-post","status-publish","format-standard","hentry","category-newsy","category-gminna-biblioteka-publiczna","category-kultura-rozrywka-edukacja","tag-gminny-osrodek-kultury-w-sadownem","tag-koncert-koled-w-gok-sadowne"],"views":2003,"_links":{"self":[{"href":"https:\/\/info.sadowne.pl\/index.php?rest_route=\/wp\/v2\/posts\/25526","targetHints":{"allow":["GET"]}}],"collection":[{"href":"https:\/\/info.sadowne.pl\/index.php?rest_route=\/wp\/v2\/posts"}],"about":[{"href":"https:\/\/info.sadowne.pl\/index.php?rest_route=\/wp\/v2\/types\/post"}],"author":[{"embeddable":true,"href":"https:\/\/info.sadowne.pl\/index.php?rest_route=\/wp\/v2\/users\/1"}],"replies":[{"embeddable":true,"href":"https:\/\/info.sadowne.pl\/index.php?rest_route=%2Fwp%2Fv2%2Fcomments&post=25526"}],"version-history":[{"count":1,"href":"https:\/\/info.sadowne.pl\/index.php?rest_route=\/wp\/v2\/posts\/25526\/revisions"}],"predecessor-version":[{"id":25528,"href":"https:\/\/info.sadowne.pl\/index.php?rest_route=\/wp\/v2\/posts\/25526\/revisions\/25528"}],"wp:attachment":[{"href":"https:\/\/info.sadowne.pl\/index.php?rest_route=%2Fwp%2Fv2%2Fmedia&parent=25526"}],"wp:term":[{"taxonomy":"category","embeddable":true,"href":"https:\/\/info.sadowne.pl\/index.php?rest_route=%2Fwp%2Fv2%2Fcategories&post=25526"},{"taxonomy":"post_tag","embeddable":true,"href":"https:\/\/info.sadowne.pl\/index.php?rest_route=%2Fwp%2Fv2%2Ftags&post=25526"}],"curies":[{"name":"wp","href":"https:\/\/api.w.org\/{rel}","templated":true}]}}