{"id":25536,"date":"2022-01-20T10:54:44","date_gmt":"2022-01-20T09:54:44","guid":{"rendered":"http:\/\/info.sadowne.pl\/?p=25536"},"modified":"2022-01-20T10:54:44","modified_gmt":"2022-01-20T09:54:44","slug":"o-kosowie","status":"publish","type":"post","link":"https:\/\/info.sadowne.pl\/?p=25536","title":{"rendered":"O Kosowie,"},"content":{"rendered":"<p><strong><a href=\"http:\/\/info.sadowne.pl\/wp-content\/uploads\/2022\/01\/Brok70.jpg\" target=\"_blank\" rel=\"noopener\"><img loading=\"lazy\" decoding=\"async\" class=\"alignleft wp-image-25537 size-thumbnail\" src=\"http:\/\/info.sadowne.pl\/wp-content\/uploads\/2022\/01\/Brok70-180x130.jpg\" alt=\"\" width=\"180\" height=\"130\" \/><\/a>ale te\u017c o katastrofie na Bugu, o defraudacji w Miedznej, o \u015bmierci kombatanta i o po\u017codze w Broku.<\/strong><!--more--><\/p>\n<p>Ostatni\u0105 sw\u0105 w\u0119dr\u00f3wk\u0119 po lewym brzegu Buga zako\u0144czyli\u015bmy w Miedznej. Ju\u017c zamierzali\u015bmy opu\u015bci\u0107 ten go\u015bcinny brzeg, na pok\u0142adzie promu kursuj\u0105cego mi\u0119dzy Bra\u0144szczykiem a Kamie\u0144czykiem, ale pewna informacja zmrozi\u0142a nas i sk\u0142oni\u0142a do zmiany trasy podr\u00f3\u017cy. Wr\u00f3cili\u015bmy wi\u0119c do Miedznej i sp\u0119dzili\u015bmy nieco czasu w tamtejszej karczmie. Piwoszy rozpytali\u015bmy \u2013 Jak wam si\u0119 tu kochane ludziska \u017cyje? Jak\u0105 macie pogod\u0119 i czy lato\u015b zbo\u017ce obrodzi\u0142o? \u2013 tym sposobem niekt\u00f3re j\u0119zyki rozwi\u0105zali\u015bmy i wpadli\u015bmy na trop nielichego szwindlu, o kt\u00f3rym szanownej publiczno\u015bci donosimy.<\/p>\n<p>Potem ruszyli\u015bmy ku po\u0142udniowo-wschodnim granicom brokowskiego wszech\u015bwiata, a mianowicie do Kosowa, obecnie zwanego Lackim. Bardzo, bardzo dawno temu, Kos\u00f3w nale\u017ca\u0142 do ziemi drohickiej. A \u017ce ziemia ta na zmian\u0119 trafia\u0142a spod kurateli litewskiej pod panowanie mazowieckie i na odwr\u00f3t, to nie dziwota, \u017ce mieszanka narodowo\u015bciowa, wyznaniowa i kulturowa by\u0142a tu wi\u0119ksza, ni\u017c w innych rejonach Rzeczypospolitej.<\/p>\n<p><strong>Wi\u0119cej na stronie <span style=\"color: #0000ff;\"><a style=\"color: #0000ff;\" href=\"https:\/\/madzelan.cba.pl\/o-kosowie-ale-tez-o-katastrofie-na-bugu-o-defraudacji-w-miedznej-o-smierci-kombatanta-i-o-pozodze-w-broku\/\" target=\"_blank\" rel=\"noopener\">https:\/\/madzelan.cba.pl\/o-kosowie-ale-tez-o-katastrofie-na-bugu-o-defraudacji-w-miedznej-o-smierci-kombatanta-i-o-pozodze-w-broku\/<\/a><\/span><\/strong><\/p>\n","protected":false},"excerpt":{"rendered":"<p>ale te\u017c o katastrofie na Bugu, o defraudacji w Miedznej, o \u015bmierci kombatanta i o po\u017codze w Broku.<\/p>\n","protected":false},"author":1,"featured_media":0,"comment_status":"closed","ping_status":"closed","sticky":false,"template":"","format":"standard","meta":{"footnotes":""},"categories":[5,3436,31],"tags":[101,3004,3694,2956],"class_list":["post-25536","post","type-post","status-publish","format-standard","hentry","category-newsy","category-opowiesci-historie-legendy-brokowskie-i-nie-tylko","category-historia-gminy","tag-historia-gminy-sadowne","tag-jerzy-madzelan","tag-kosow-lacki","tag-opowiesci-historie-legendy-brokowskie-i-nie-tylko"],"views":2055,"_links":{"self":[{"href":"https:\/\/info.sadowne.pl\/index.php?rest_route=\/wp\/v2\/posts\/25536","targetHints":{"allow":["GET"]}}],"collection":[{"href":"https:\/\/info.sadowne.pl\/index.php?rest_route=\/wp\/v2\/posts"}],"about":[{"href":"https:\/\/info.sadowne.pl\/index.php?rest_route=\/wp\/v2\/types\/post"}],"author":[{"embeddable":true,"href":"https:\/\/info.sadowne.pl\/index.php?rest_route=\/wp\/v2\/users\/1"}],"replies":[{"embeddable":true,"href":"https:\/\/info.sadowne.pl\/index.php?rest_route=%2Fwp%2Fv2%2Fcomments&post=25536"}],"version-history":[{"count":1,"href":"https:\/\/info.sadowne.pl\/index.php?rest_route=\/wp\/v2\/posts\/25536\/revisions"}],"predecessor-version":[{"id":25538,"href":"https:\/\/info.sadowne.pl\/index.php?rest_route=\/wp\/v2\/posts\/25536\/revisions\/25538"}],"wp:attachment":[{"href":"https:\/\/info.sadowne.pl\/index.php?rest_route=%2Fwp%2Fv2%2Fmedia&parent=25536"}],"wp:term":[{"taxonomy":"category","embeddable":true,"href":"https:\/\/info.sadowne.pl\/index.php?rest_route=%2Fwp%2Fv2%2Fcategories&post=25536"},{"taxonomy":"post_tag","embeddable":true,"href":"https:\/\/info.sadowne.pl\/index.php?rest_route=%2Fwp%2Fv2%2Ftags&post=25536"}],"curies":[{"name":"wp","href":"https:\/\/api.w.org\/{rel}","templated":true}]}}