{"id":25539,"date":"2022-01-20T12:19:34","date_gmt":"2022-01-20T11:19:34","guid":{"rendered":"http:\/\/info.sadowne.pl\/?p=25539"},"modified":"2022-01-20T14:43:23","modified_gmt":"2022-01-20T13:43:23","slug":"rusza-bslsa-2022","status":"publish","type":"post","link":"https:\/\/info.sadowne.pl\/?p=25539","title":{"rendered":"Rusza BSLSA 2022! Wicher po nowemu!"},"content":{"rendered":"<p><strong><a href=\"http:\/\/info.sadowne.pl\/wp-content\/uploads\/2018\/10\/wichersadowne1.jpg\"><img loading=\"lazy\" decoding=\"async\" class=\"alignleft size-thumbnail wp-image-19320\" src=\"http:\/\/info.sadowne.pl\/wp-content\/uploads\/2018\/10\/wichersadowne1-180x130.jpg\" alt=\"\" width=\"180\" height=\"130\" \/><\/a>BANK SP\u00d3\u0141DZIELCZY LIGA SIATKARZY AMATOR\u00d3W 2022 z udzia\u0142em WICHRA SADOWNE startuje ju\u017c w najbli\u017csz\u0105 niedziel\u0119.<\/strong><!--more--><\/p>\n<p>MOSiR w Ostrowi Maz. po raz kolejny organizuje regionalne rozgrywki w pi\u0142ce siatkowej, w kt\u00f3rych od lat startuj\u0105 siatkarze z Sadownego. Ju\u017c w najbli\u017csz\u0105 niedziel\u0119 (23.01.2022 r.) o godz. 11.00 nasz WICHEREK zmierzy si\u0119 w 1. rundzie z ostrowsk\u0105 ekip\u0105 ZACISZNEJ.<\/p>\n<p>A z terminarzem rund 1-2 rozgrywanych w hali przy ul. Warchalskiego w Ostrowi Maz. mo\u017cecie zapozna\u0107 si\u0119 na stronie organizatora. W sezonie \u201ezima-wiosna 2022\u201d zaplanowa\u0142 on 3 rundy systemem \u201eka\u017cdy z ka\u017cdym\u201d \u2013 ka\u017cda ekipa rozegra wi\u0119c po 15 mecz\u00f3w, w re\u017cimie do dw\u00f3ch wygranych set\u00f3w, sety do 25 punkt\u00f3w, a tie-break do 15.<\/p>\n<p>Dopingujmy: \u201eCynie\u201d, \u201eMa\u0142emu\u201d, \u201eWojtechowi\u201d, Kamilkowi, Samselkom i Ziomalom z WICHRA \u2013 czyli Naszym, a w akcji mo\u017cemy ich on-line ogl\u0105da\u0107 na \u201eyuotubowym\u201d kanale ostrowskiego MOSiR-u.<\/p>\n<p><strong>Tekst:<\/strong> RW<\/p>\n<p><strong>Uwaga! Od tego sezonu nasi siatkarze zagraj\u0105 pod now\u0105 nazw\u0105: SAD-POL Wicher Sadowne za spraw\u0105 nowego sponsora \u2013 Marketu Budowlanego Sad-Pol w Sadownem p. Bogdana\u00a0 Skwarczy\u0144skiego. Na pocz\u0105tek Sad-Pol zasponsorowa\u0142 siatkarzom komplety nowych stroj\u00f3w i bluz sportowych.<\/strong><\/p>\n<p>W tym sezonie w sadowie\u0144skiej dru\u017cynie siatkarskiej zobaczymy te\u017c nowych zawodnik\u00f3w: Ol\u0119 Zapatk\u0119, S\u0142awka Wujkowskiego, Ma\u0107ka Kalinowskiego, Mateusza Wierzbowskiego i Dominika Klimka. A oto pe\u0142ny sk\u0142ad obecnej dru\u017cyny siatkarskiej SAD-POL WICHER SADOWNE:<\/p>\n<ol>\n<li>ADAM SAMSEL<\/li>\n<li>ADAM STARZY\u0143SKI<\/li>\n<li>ARTUR RENIK<\/li>\n<li>DAREK WYCECH<\/li>\n<li>DAWID B\u0118\u0141CZY\u0143SKI<\/li>\n<li>DOMINIK KLIMEK<\/li>\n<li>KAMIL KORO\u015a<\/li>\n<li>KRZYSIEK SAMSEL<\/li>\n<li>MACIEK KALINOWSKI<\/li>\n<li>MATEUSZ WIERZBOWSKI<\/li>\n<li>OLA ZAPATKA<\/li>\n<li>PAWE\u0141 KLESZCZY\u0143SKI<\/li>\n<li>S\u0141AWEK WUJKOWSKI<\/li>\n<li>TOMEK JAWORSKI<\/li>\n<li>TOMEK MA\u0141ETKA<\/li>\n<li>TOMEK LESIK<\/li>\n<li>WOJTEK K\u0104DZIELA<\/li>\n<\/ol>\n<p><strong>I jeszcze jedno<\/strong> \u2013 wszystkich zainteresowanych gr\u0105 lub kibicowaniem siatkarze zapraszaj\u0105 na swoje treningi, kt\u00f3re odbywaj\u0105 si\u0119 w ka\u017cd\u0105 \u015brod\u0119 o godz. 18.30 w Gminnej Hali Sportowej w Sadownem.<\/p>\n","protected":false},"excerpt":{"rendered":"<p>BANK SP\u00d3\u0141DZIELCZY LIGA SIATKARZY AMATOR\u00d3W 2022 z udzia\u0142em WICHRA SADOWNE startuje ju\u017c w najbli\u017csz\u0105 niedziel\u0119.<\/p>\n","protected":false},"author":1,"featured_media":0,"comment_status":"closed","ping_status":"closed","sticky":false,"template":"","format":"standard","meta":{"footnotes":""},"categories":[5,2137,7],"tags":[610,1239],"class_list":["post-25539","post","type-post","status-publish","format-standard","hentry","category-newsy","category-pilka-siatkowa","category-sport","tag-ks-wicher-sadowne","tag-liga-siatkowki-amatorow-w-ostrowi-mazowieckiej"],"views":2570,"_links":{"self":[{"href":"https:\/\/info.sadowne.pl\/index.php?rest_route=\/wp\/v2\/posts\/25539","targetHints":{"allow":["GET"]}}],"collection":[{"href":"https:\/\/info.sadowne.pl\/index.php?rest_route=\/wp\/v2\/posts"}],"about":[{"href":"https:\/\/info.sadowne.pl\/index.php?rest_route=\/wp\/v2\/types\/post"}],"author":[{"embeddable":true,"href":"https:\/\/info.sadowne.pl\/index.php?rest_route=\/wp\/v2\/users\/1"}],"replies":[{"embeddable":true,"href":"https:\/\/info.sadowne.pl\/index.php?rest_route=%2Fwp%2Fv2%2Fcomments&post=25539"}],"version-history":[{"count":5,"href":"https:\/\/info.sadowne.pl\/index.php?rest_route=\/wp\/v2\/posts\/25539\/revisions"}],"predecessor-version":[{"id":25544,"href":"https:\/\/info.sadowne.pl\/index.php?rest_route=\/wp\/v2\/posts\/25539\/revisions\/25544"}],"wp:attachment":[{"href":"https:\/\/info.sadowne.pl\/index.php?rest_route=%2Fwp%2Fv2%2Fmedia&parent=25539"}],"wp:term":[{"taxonomy":"category","embeddable":true,"href":"https:\/\/info.sadowne.pl\/index.php?rest_route=%2Fwp%2Fv2%2Fcategories&post=25539"},{"taxonomy":"post_tag","embeddable":true,"href":"https:\/\/info.sadowne.pl\/index.php?rest_route=%2Fwp%2Fv2%2Ftags&post=25539"}],"curies":[{"name":"wp","href":"https:\/\/api.w.org\/{rel}","templated":true}]}}