{"id":25552,"date":"2022-01-24T18:09:23","date_gmt":"2022-01-24T17:09:23","guid":{"rendered":"http:\/\/info.sadowne.pl\/?p=25552"},"modified":"2022-01-24T18:09:23","modified_gmt":"2022-01-24T17:09:23","slug":"kronika-strazacka-17-23-stycznia-2022","status":"publish","type":"post","link":"https:\/\/info.sadowne.pl\/?p=25552","title":{"rendered":"Kronika stra\u017cacka 17 \u2013 23 stycznia 2022"},"content":{"rendered":"<p><strong><a href=\"http:\/\/info.sadowne.pl\/wp-content\/uploads\/2013\/07\/straz3.jpg\"><img loading=\"lazy\" decoding=\"async\" class=\"alignleft size-thumbnail wp-image-2625\" src=\"http:\/\/info.sadowne.pl\/wp-content\/uploads\/2013\/07\/straz3-180x130.jpg\" alt=\"\" width=\"180\" height=\"130\" \/><\/a>W<\/strong> <strong>okresie<\/strong><strong> 17 &#8211; 23.01.2022 <\/strong><strong>na<\/strong> <strong>terenie<\/strong> <strong>powiatu<\/strong> <strong>w\u0119growskiego<\/strong> <strong>zanotowano <\/strong><strong>25 <\/strong><strong>zdarze\u0144,<\/strong> <strong>przy<\/strong> <strong>kt\u00f3rych<\/strong> <strong>interweniowa\u0142y<\/strong> <strong>jednostki<\/strong> <strong>ochrony<\/strong> <strong>przeciwpo\u017carowej, w tym:<\/strong><strong> 2 po\u017cary, 23 miejscowe zagro\u017cenia.<\/strong><strong>\u00a0<\/strong><!--more--><\/p>\n<p><strong>17.01.2022 \u2013 Ko\u0142odzi\u0105\u017c, gm. Sadowne \u2013 uszkodzony dach szko\u0142y.<\/strong><strong>\u00a0<\/strong><\/p>\n<p>Przyby\u0142e na miejsce zdarzenia zast\u0119py OSP w wyniku rozpoznania ustali\u0142y, i\u017c w wyniku silnego wiatru przewr\u00f3ci\u0142 si\u0119 murowany komin dymowo-wentylacyjny oraz maszt antenowy sieci teleinformatycznej zamontowany na budynku szko\u0142y podstawowej. Nikt z przebywaj\u0105cych w szkole nie odni\u00f3s\u0142 \u017cadnych obra\u017ce\u0144. Komin przewracaj\u0105c si\u0119 wpad\u0142 do \u015brodka na poddasze uszkadzaj\u0105c cz\u0119\u015b\u0107 po\u0142aci dachowej. Natomiast maszt antenowy umiejscowiony w kalenicy dachu w drugiej cz\u0119\u015bci budynku uszkodzi\u0142 tylko cz\u0119\u015bciowo rynn\u0119 poziom\u0105 na budynku. Dzia\u0142ania zast\u0119p\u00f3w polega\u0142y na zabezpieczeniu miejsca uszkodzenia dachu. Komin, kt\u00f3ry wpad\u0142 do \u015brodka zosta\u0142 sukcesywnie rozbierany i przemieszczany na powierzchni poddasza celem ograniczenia miejscowych obci\u0105\u017ce\u0144. Po rozbi\u00f3rce uszkodzonego komina przyst\u0105piono do zabezpieczania dachu za pomoc\u0105 plandeki dostarczonej przez zast\u0119pc\u0119 w\u00f3jta gminy. Zdemontowano le\u017c\u0105cy na dachu i zwisaj\u0105cy poza jego obrys aluminiowy maszt antenowy. W trakcie prowadzonych dzia\u0142a\u0144 na miejsce zdarzenia przybyli pracownicy Nadzoru Budowlanego, kt\u00f3rzy zalecili wygrodzenie dost\u0119pu do dw\u00f3ch klas na pi\u0119trze, do momentu orzeczenia przez eksperta od budownictwa przydatno\u015bci obiektu.<strong>\u00a0<\/strong><\/p>\n<p><strong>18.01.2022 <\/strong><strong>\u2013 \u0141och\u00f3w \u2013 po\u017car sadzy w kominie.<\/strong><\/p>\n<p>KDR po przeprowadzonym rozpoznaniu stwierdzi\u0142, \u017ce w przewodzie kominowym (kot\u0142ownia na parterze, piec\u00a0 na paliwo sta\u0142e) w murowanym budynku mieszkalnym dosz\u0142o do zapalenia si\u0119 sadzy, widoczne zewn\u0119trzne oznaki po\u017caru sadzy, brak os\u00f3b poszkodowanych. Dzia\u0142ania zast\u0119pu polega\u0142y na zabezpieczeniu miejsca zdarzenia a nast\u0119pnie wygaszeniu pieca CO oraz podaniu pr\u0105du mg\u0142owego wody z lancy kominowej poprzez wyczystk\u0119 w pomieszczeniu kot\u0142owni do wn\u0119trza przewodu kominowego. Po\u017car ugaszono. Nast\u0119pnie sprawdzono miernikiem wielogazowym pomieszczenia w budynku nie stwierdzaj\u0105c obecno\u015bci CO, sprawdzono kamer\u0105 termowizyjn\u0105 \u015bciany przyleg\u0142e do komina czy nie dosz\u0142o do ich nagrzania i w efekcie zapalenia si\u0119 (nie stwierdzono). Na skutek po\u017caru sadzy przew\u00f3d kominowy uleg\u0142 p\u0119kni\u0119ciu.\u00a0 Pomieszczenia przewietrzono, po czym pouczono mieszka\u0144c\u00f3w budynku o obowi\u0105zku okresowego sprawdzania i czyszczenia przewod\u00f3w kominowych i wentylacyjnych.<\/p>\n<p><strong>21.01.2022 <\/strong><strong>\u2013 W\u0119gr\u00f3w \u00a0\u2013 wypadek podczas u\u017cytkowania w\u00f3zka wid\u0142owego.<\/strong><strong>\u00a0<\/strong><\/p>\n<p>Do Stanowiska Kierowania Komendanta Powiatowego PSP wp\u0142yn\u0119\u0142o zg\u0142oszenie o wypadku w jednym z zak\u0142ad\u00f3w. Pracownik zosta\u0142 uderzony w g\u0142ow\u0119 wid\u0142ami w\u00f3zka. Jedna osoba poszkodowana (przytomna z urazem g\u0142owy). Dzia\u0142ania zast\u0119p\u00f3w polega\u0142y na zabezpieczeniu miejsca zdarzenia oraz udzieleniu kwalifikowanej pierwszej pomocy osobie poszkodowanej. Na miejsce zdarzenia przyjecha\u0142 patrol Policji oraz ZRM, kt\u00f3ry przej\u0105\u0142 poszkodowanego, a nast\u0119pnie przetransportowa\u0142 do szpitala. Na tym dzia\u0142ania zako\u0144czono, a zast\u0119py wr\u00f3ci\u0142y do koszar.<\/p>\n<p><strong>21.01.2022 <\/strong><strong>\u2013 Budziska, gm. \u0141och\u00f3w \u00a0\u2013 <\/strong><strong>wypadek drogowy.<\/strong><\/p>\n<p>KDR potwierdzi\u0142 informacje, \u017ce dosz\u0142o do zdarzenia dw\u00f3ch pojazd\u00f3w osobowych (jedna osoba poszkodowana &#8211; kierowca samochodu Mercedes oraz \u017ce kierowca z drugiego pojazdu &#8211; Skoda wyszed\u0142 sam przed przybyciem stra\u017cy po\u017carnej). Na miejscu jest patrol policji i zesp\u00f3\u0142 ratownictwa medycznego. Dzia\u0142ania zast\u0119p\u00f3w polega\u0142y na zabezpieczeniu miejsca zdarzenia, od\u0142\u0105czenia akumulator\u00f3w oraz pomocy ratownikom medycznym podczas medycznych czynno\u015bci ratunkowych. R\u00f3wnocze\u015bnie w miejscu zdarzenia ruch drogowy odbywa\u0142 si\u0119 wahad\u0142owo. Po odje\u017adzie ZRM z poszkodowanym do szpitala zast\u0119p JRG oraz OSP \u0141och\u00f3w zako\u0144czy\u0142 dzia\u0142ania i powr\u00f3ci\u0142 do bazy. Na pro\u015bb\u0119 Policji na miejscu dzia\u0142a\u0144 pozosta\u0142 zast\u0119p OSP Budziska w celu zabezpieczenia miejsca zdarzenia i kierowania ruchem drogowym do czasu prowadzenia czynno\u015bci dochodzeniowych.<\/p>\n<p><strong>Ponadto dnia 17.01.2022 JOP bra\u0142y udzia\u0142 w 17 zdarzeniach podczas usuwania skutk\u00f3w porywistego wiatru (wywr\u00f3cone drzewa, uszkodzone dachy budynk\u00f3w).<\/strong><\/p>\n<p><strong>KP PSP W\u0119gr\u00f3w<\/strong><\/p>\n","protected":false},"excerpt":{"rendered":"<p>W okresie 17 &#8211; 23.01.2022 na terenie powiatu w\u0119growskiego zanotowano 25 zdarze\u0144, przy kt\u00f3rych interweniowa\u0142y jednostki ochrony przeciwpo\u017carowej, w tym: 2 po\u017cary, 23 miejscowe zagro\u017cenia.\u00a0<\/p>\n","protected":false},"author":1,"featured_media":0,"comment_status":"closed","ping_status":"closed","sticky":false,"template":"","format":"standard","meta":{"footnotes":""},"categories":[5,4,267],"tags":[491,643],"class_list":["post-25552","post","type-post","status-publish","format-standard","hentry","category-newsy","category-policja-straz-pozarna-pogotowie-ratunkowe","category-straz-pozarna-policja-straz-pozarna-pogotowie-ratunkowe","tag-komenda-powiatowa-panstwowej-strazy-pozarnej-w-wegrowie","tag-kronika-strazacka"],"views":1868,"_links":{"self":[{"href":"https:\/\/info.sadowne.pl\/index.php?rest_route=\/wp\/v2\/posts\/25552","targetHints":{"allow":["GET"]}}],"collection":[{"href":"https:\/\/info.sadowne.pl\/index.php?rest_route=\/wp\/v2\/posts"}],"about":[{"href":"https:\/\/info.sadowne.pl\/index.php?rest_route=\/wp\/v2\/types\/post"}],"author":[{"embeddable":true,"href":"https:\/\/info.sadowne.pl\/index.php?rest_route=\/wp\/v2\/users\/1"}],"replies":[{"embeddable":true,"href":"https:\/\/info.sadowne.pl\/index.php?rest_route=%2Fwp%2Fv2%2Fcomments&post=25552"}],"version-history":[{"count":1,"href":"https:\/\/info.sadowne.pl\/index.php?rest_route=\/wp\/v2\/posts\/25552\/revisions"}],"predecessor-version":[{"id":25553,"href":"https:\/\/info.sadowne.pl\/index.php?rest_route=\/wp\/v2\/posts\/25552\/revisions\/25553"}],"wp:attachment":[{"href":"https:\/\/info.sadowne.pl\/index.php?rest_route=%2Fwp%2Fv2%2Fmedia&parent=25552"}],"wp:term":[{"taxonomy":"category","embeddable":true,"href":"https:\/\/info.sadowne.pl\/index.php?rest_route=%2Fwp%2Fv2%2Fcategories&post=25552"},{"taxonomy":"post_tag","embeddable":true,"href":"https:\/\/info.sadowne.pl\/index.php?rest_route=%2Fwp%2Fv2%2Ftags&post=25552"}],"curies":[{"name":"wp","href":"https:\/\/api.w.org\/{rel}","templated":true}]}}