{"id":25554,"date":"2022-01-27T12:28:06","date_gmt":"2022-01-27T11:28:06","guid":{"rendered":"http:\/\/info.sadowne.pl\/?p=25554"},"modified":"2022-01-27T12:28:06","modified_gmt":"2022-01-27T11:28:06","slug":"parafia-sadowne-ksiega-ochrzczonych-1710-1744","status":"publish","type":"post","link":"https:\/\/info.sadowne.pl\/?p=25554","title":{"rendered":"Parafia Sadowne. Ksi\u0119ga ochrzczonych 1710\u20131744"},"content":{"rendered":"<p><strong><a href=\"http:\/\/info.sadowne.pl\/wp-content\/uploads\/2020\/05\/Brok27.jpg\"><img loading=\"lazy\" decoding=\"async\" class=\"alignleft size-thumbnail wp-image-23439\" src=\"http:\/\/info.sadowne.pl\/wp-content\/uploads\/2020\/05\/Brok27-180x130.jpg\" alt=\"\" width=\"180\" height=\"130\" \/><\/a>Wpisy zawieraj\u0105 kolejno: dat\u0119 ochrzczenia i numer wpisu; miejsce narodzin; dane duchownego, kt\u00f3ry dziecko ochrzci\u0142; imi\u0119 i nazwisko ochrzczonego;<\/strong><!--more--><\/p>\n<p><strong> imiona rodzic\u00f3w wraz ze skr\u00f3tem, okre\u015blaj\u0105cym ich przynale\u017cno\u015b\u0107 spo\u0142eczn\u0105; dane rodzic\u00f3w chrzestnych. <\/strong><\/p>\n<p>W obliczu ogromnej \u015bmiertelno\u015bci noworodk\u00f3w, chrztu starano si\u0119 dokona\u0107 jak najszybciej. Gdy od momentu narodzin do ochrzczenia up\u0142yn\u0119\u0142y dwa dni, to by\u0142o to wydarzenie na tyle wyj\u0105tkowe, \u017ce cz\u0119sto odnotowane w ksi\u0119gach.<\/p>\n<p><strong>Wi\u0119cej na stronie <span style=\"color: #0000ff;\"><a style=\"color: #0000ff;\" href=\"https:\/\/madzelan.cba.pl\/parafia-sadowne-ksiega-ochrzczonych-1710-1744\/\" target=\"_blank\" rel=\"noopener\">https:\/\/madzelan.cba.pl\/parafia-sadowne-ksiega-ochrzczonych-1710-1744\/<\/a><\/span><\/strong><\/p>\n","protected":false},"excerpt":{"rendered":"<p>Wpisy zawieraj\u0105 kolejno: dat\u0119 ochrzczenia i numer wpisu; miejsce narodzin; dane duchownego, kt\u00f3ry dziecko ochrzci\u0142; imi\u0119 i nazwisko ochrzczonego;<\/p>\n","protected":false},"author":1,"featured_media":0,"comment_status":"closed","ping_status":"closed","sticky":false,"template":"","format":"standard","meta":{"footnotes":""},"categories":[5,1678,3436,31],"tags":[3004,3543,3573,2956],"class_list":["post-25554","post","type-post","status-publish","format-standard","hentry","category-newsy","category-metryki","category-opowiesci-historie-legendy-brokowskie-i-nie-tylko","category-historia-gminy","tag-jerzy-madzelan","tag-ksiega-ochrzczonych-parafii-sadowne","tag-metryki-parafii-sadowne","tag-opowiesci-historie-legendy-brokowskie-i-nie-tylko"],"views":2119,"_links":{"self":[{"href":"https:\/\/info.sadowne.pl\/index.php?rest_route=\/wp\/v2\/posts\/25554","targetHints":{"allow":["GET"]}}],"collection":[{"href":"https:\/\/info.sadowne.pl\/index.php?rest_route=\/wp\/v2\/posts"}],"about":[{"href":"https:\/\/info.sadowne.pl\/index.php?rest_route=\/wp\/v2\/types\/post"}],"author":[{"embeddable":true,"href":"https:\/\/info.sadowne.pl\/index.php?rest_route=\/wp\/v2\/users\/1"}],"replies":[{"embeddable":true,"href":"https:\/\/info.sadowne.pl\/index.php?rest_route=%2Fwp%2Fv2%2Fcomments&post=25554"}],"version-history":[{"count":1,"href":"https:\/\/info.sadowne.pl\/index.php?rest_route=\/wp\/v2\/posts\/25554\/revisions"}],"predecessor-version":[{"id":25555,"href":"https:\/\/info.sadowne.pl\/index.php?rest_route=\/wp\/v2\/posts\/25554\/revisions\/25555"}],"wp:attachment":[{"href":"https:\/\/info.sadowne.pl\/index.php?rest_route=%2Fwp%2Fv2%2Fmedia&parent=25554"}],"wp:term":[{"taxonomy":"category","embeddable":true,"href":"https:\/\/info.sadowne.pl\/index.php?rest_route=%2Fwp%2Fv2%2Fcategories&post=25554"},{"taxonomy":"post_tag","embeddable":true,"href":"https:\/\/info.sadowne.pl\/index.php?rest_route=%2Fwp%2Fv2%2Ftags&post=25554"}],"curies":[{"name":"wp","href":"https:\/\/api.w.org\/{rel}","templated":true}]}}