{"id":25559,"date":"2022-01-28T18:54:35","date_gmt":"2022-01-28T17:54:35","guid":{"rendered":"http:\/\/info.sadowne.pl\/?p=25559"},"modified":"2022-01-28T19:05:18","modified_gmt":"2022-01-28T18:05:18","slug":"wydano-album-promujacy-gmine-sadowne","status":"publish","type":"post","link":"https:\/\/info.sadowne.pl\/?p=25559","title":{"rendered":"Wydano album promuj\u0105cy Gmin\u0119 Sadowne"},"content":{"rendered":"<p><strong><a href=\"http:\/\/info.sadowne.pl\/wp-content\/uploads\/2022\/01\/2022.01.28.1.jpg\" target=\"_blank\" rel=\"noopener\"><img loading=\"lazy\" decoding=\"async\" class=\"alignleft wp-image-25561 size-thumbnail\" src=\"http:\/\/info.sadowne.pl\/wp-content\/uploads\/2022\/01\/2022.01.28.1-180x130.jpg\" alt=\"\" width=\"180\" height=\"130\" \/><\/a>Dzi\u0119ki wsp\u00f3\u0142pracy Gminy Sadowne i Samorz\u0105du Wojew\u00f3dztwa Mazowieckiego zosta\u0142 wydany album promocyjny Gminy Sadowne.<\/strong><!--more--><\/p>\n<p><a href=\"http:\/\/info.sadowne.pl\/wp-content\/uploads\/2022\/01\/2022.01.28.2-rotated.jpg\" target=\"_blank\" rel=\"noopener\"><img loading=\"lazy\" decoding=\"async\" class=\"alignright wp-image-25560 size-thumbnail\" src=\"http:\/\/info.sadowne.pl\/wp-content\/uploads\/2022\/01\/2022.01.28.2-180x130.jpg\" alt=\"\" width=\"180\" height=\"130\" \/><\/a>Album <em>Gmina Sadowne i okolice\u00a0 mi\u0119dzy Bugiem a Puszcz\u0105 Kamienieck\u0105<\/em> zosta\u0142 dofinansowany w kwocie 20 000 z\u0142 z bud\u017cetu Samorz\u0105du Wojew\u00f3dzkiego Mazowieckiego w ramach przedsi\u0119wzi\u0119cia Wsparcie Inicjatyw Promocyjnych &#8211; wsp\u00f3\u0142wydawnictwo albumu.<\/p>\n<p><a href=\"http:\/\/info.sadowne.pl\/wp-content\/uploads\/2022\/01\/2022.01.28.4-rotated.jpg\" target=\"_blank\" rel=\"noopener\"><img loading=\"lazy\" decoding=\"async\" class=\"alignleft wp-image-25562 size-thumbnail\" src=\"http:\/\/info.sadowne.pl\/wp-content\/uploads\/2022\/01\/2022.01.28.4-180x130.jpg\" alt=\"\" width=\"180\" height=\"130\" \/><\/a>Ksi\u0105\u017cka wydana przez <em>Wydawnictwo Aleksander<\/em> z Pu\u0142tuska jest dzie\u0142em zbiorowym pracownik\u00f3w Gminnego O\u015brodka Kultury w Sadownem, Urz\u0119du Gminy, jednostek organizacyjnych, jednostek OSP oraz wielu ludzi zwi\u0105zanych z Gmin\u0105 Sadowne.<\/p>\n<p><a href=\"http:\/\/info.sadowne.pl\/wp-content\/uploads\/2022\/01\/2022.01.28.3-rotated.jpg\" target=\"_blank\" rel=\"noopener\"><img loading=\"lazy\" decoding=\"async\" class=\"alignright wp-image-25563 size-thumbnail\" src=\"http:\/\/info.sadowne.pl\/wp-content\/uploads\/2022\/01\/2022.01.28.3-180x130.jpg\" alt=\"\" width=\"180\" height=\"130\" \/><\/a>S\u0142owo wst\u0119pne w albumie zamie\u015bcili: W\u00f3jt Gminy Sadowne Waldemar Cyran oraz El\u017cbieta Lanc \u2013 Cz\u0142onek Zarz\u0105du Wojew\u00f3dztwa Mazowieckiego. Pan W\u00f3jt przekonuje, \u017ce ka\u017cdy, kto obejrzy album, zostanie zauroczony pi\u0119knem i walorem tego uroczego miejsca na Mazowszu, a Pani Marsza\u0142ek podkre\u015bla umieszczone w pozycji walory historyczne, kulturowe, informacyjne oraz zapewnia, \u017ce lektura wywo\u0142a wiele pozytywnych emocji.<\/p>\n<p>W dniu 28 stycznia 2022 r., w siedzibie Urz\u0119du Gminy, W\u00f3jt Gminy Sadowne Waldemar Cyran przekaza\u0142 pami\u0105tkowy egzemplarz wraz z osobist\u0105 dedykacj\u0105 na r\u0119ce Pani El\u017cbiecie Lanc, dzi\u0119kuj\u0105c za dobr\u0105 wsp\u00f3\u0142prac\u0119.<\/p>\n<p><strong>Tekst\/foto:<\/strong> Urz\u0105d Gminy w Sadownem<\/p>\n","protected":false},"excerpt":{"rendered":"<p>Dzi\u0119ki wsp\u00f3\u0142pracy Gminy Sadowne i Samorz\u0105du Wojew\u00f3dztwa Mazowieckiego zosta\u0142 wydany album promocyjny Gminy Sadowne.<\/p>\n","protected":false},"author":1,"featured_media":0,"comment_status":"closed","ping_status":"closed","sticky":false,"template":"","format":"standard","meta":{"footnotes":""},"categories":[5,41],"tags":[3696,1030,142,1033],"class_list":["post-25559","post","type-post","status-publish","format-standard","hentry","category-newsy","category-wiesci-gminne","tag-album-gmina-sadowne-i-okolice-pod-tytulem-miedzy-bugiem-a-puszcza-kamieniecka","tag-elzbieta-lanc","tag-urzad-gminy-sadowne","tag-waldemar-cyran"],"views":2290,"_links":{"self":[{"href":"https:\/\/info.sadowne.pl\/index.php?rest_route=\/wp\/v2\/posts\/25559","targetHints":{"allow":["GET"]}}],"collection":[{"href":"https:\/\/info.sadowne.pl\/index.php?rest_route=\/wp\/v2\/posts"}],"about":[{"href":"https:\/\/info.sadowne.pl\/index.php?rest_route=\/wp\/v2\/types\/post"}],"author":[{"embeddable":true,"href":"https:\/\/info.sadowne.pl\/index.php?rest_route=\/wp\/v2\/users\/1"}],"replies":[{"embeddable":true,"href":"https:\/\/info.sadowne.pl\/index.php?rest_route=%2Fwp%2Fv2%2Fcomments&post=25559"}],"version-history":[{"count":6,"href":"https:\/\/info.sadowne.pl\/index.php?rest_route=\/wp\/v2\/posts\/25559\/revisions"}],"predecessor-version":[{"id":25569,"href":"https:\/\/info.sadowne.pl\/index.php?rest_route=\/wp\/v2\/posts\/25559\/revisions\/25569"}],"wp:attachment":[{"href":"https:\/\/info.sadowne.pl\/index.php?rest_route=%2Fwp%2Fv2%2Fmedia&parent=25559"}],"wp:term":[{"taxonomy":"category","embeddable":true,"href":"https:\/\/info.sadowne.pl\/index.php?rest_route=%2Fwp%2Fv2%2Fcategories&post=25559"},{"taxonomy":"post_tag","embeddable":true,"href":"https:\/\/info.sadowne.pl\/index.php?rest_route=%2Fwp%2Fv2%2Ftags&post=25559"}],"curies":[{"name":"wp","href":"https:\/\/api.w.org\/{rel}","templated":true}]}}