{"id":25590,"date":"2022-02-02T20:50:54","date_gmt":"2022-02-02T19:50:54","guid":{"rendered":"http:\/\/info.sadowne.pl\/?p=25590"},"modified":"2022-02-02T20:50:54","modified_gmt":"2022-02-02T19:50:54","slug":"czy-grozi-nam-wyludnienie","status":"publish","type":"post","link":"https:\/\/info.sadowne.pl\/?p=25590","title":{"rendered":"Czy grozi nam wyludnienie?"},"content":{"rendered":"<p><a href=\"http:\/\/info.sadowne.pl\/wp-content\/uploads\/2022\/02\/2022.02.02.1.jpg\" target=\"_blank\" rel=\"noopener\"><img loading=\"lazy\" decoding=\"async\" class=\"alignleft wp-image-25591 size-thumbnail\" src=\"http:\/\/info.sadowne.pl\/wp-content\/uploads\/2022\/02\/2022.02.02.1-180x130.jpg\" alt=\"\" width=\"180\" height=\"130\" \/><\/a><\/p>\n<p><strong>Wyludnienie to inaczej depopulacja. Czy grozi Gminie Sadowne?<\/strong><!--more--><\/p>\n<p><strong><em>Wyludnienie czy depopulacja?<\/em><\/strong><em> To synonimy, kt\u00f3rymi z<\/em><em>wykle okre\u015bla si\u0119 drastyczne zmniejszenie populacji ludzi na jakim\u015b obszarze. Mo\u017ce ono by\u0107 spowodowane zar\u00f3wno powolnymi trendami\u00a0<\/em><em>demograficznymi, jak\u00a0migracje\u00a0czy ujemny\u00a0przyrost naturalny, b\u0105d\u017a gwa\u0142townymi wydarzeniami, takimi jak\u00a0katastrofy naturalne, epidemie czy wojny.<\/em><\/p>\n<p>O jakichkolwiek wojnach ju\u017c zapomnieli\u015bmy (chyba, \u017ce aktualne zatargi, s\u0105siedzkie), katastrof naturalnych na naszym terenie brak, ale\u2026 mamy epidemi\u0119. Czy ma ona a\u017c taki wp\u0142yw na aktualn\u0105 sytuacj\u0119 demograficzn\u0105 Gminy Sadowne? Chyba nie. Co m\u00f3wi o tej sytuacji statystyka?<\/p>\n<p><strong>Ot\u00f3\u017c, od kilku lat Gmina Sadowne odnotowuje spadek liczby ludno\u015bci.<\/strong> Oficjalne \u017ar\u00f3d\u0142a podaj\u0105, \u017ce na dzie\u0144 31 grudnia 2021 roku w naszej gminie mieszka\u0142o 5792 osoby i jest to o 57 os\u00f3b mniej ni\u017c w roku 2020 i o 118 os\u00f3b mniej ni\u017c w poprzednim 2019 roku. Podobna tendencja wyst\u0119puje w samej miejscowo\u015bci Sadowne \u2013 rok 2021 to 1294 mieszka\u0144c\u00f3w, gdy w poprzednim 2020 roku zameldowanych by\u0142o tu 1307 mieszka\u0144c\u00f3w. Sk\u0105d bior\u0105 si\u0119 te ubytki w liczbach?<\/p>\n<p>Nie powinno by\u0107 u nas takiej sytuacji, gdy\u017c (ponownie odnosimy si\u0119 do oficjalnej statystyki) nie zwi\u0119kszy\u0142a si\u0119 w Gminie Sadowne liczba zgon\u00f3w, a wr\u0119cz przeciwnie, bo w 2021 roku odnotowano ich 85, a w roku poprzednim 90. Zwi\u0119kszy\u0142a si\u0119 natomiast liczba urodze\u0144 o ponad 30%: w roku 2020 \u2013 46, a w roku 2021 \u2013 62. Mo\u017ce to te\u017c dzi\u0119ki wi\u0119kszej liczbie ma\u0142\u017ce\u0144stw, kt\u00f3rych w 2021 roku zawarto 39, tj. o 16 wi\u0119cej ni\u017c w roku 2020.<\/p>\n<p><strong>Spadek liczby mieszka\u0144c\u00f3w, ale wi\u0119cej ma\u0142\u017ce\u0144stw i narodzin dzieci?<\/strong> Mo\u017ce to za przyczyn\u0105 Programu 500+, kt\u00f3ry funkcjonuje ju\u017c od kilku lat, a prawdziwa rewolucja nast\u0105pi\u0142a w\u00a02019 roku, kiedy \u015bwiadczenie sta\u0142o si\u0119 powszechne, a\u00a0wi\u0119c przyznano je na ka\u017cde dziecko w\u00a0rodzinie.<\/p>\n<p><strong>M\u00f3wi si\u0119 jednak<\/strong>, \u017ce program Rodzina 500+ w \u017caden bezpo\u015bredni spos\u00f3b nie zach\u0119ca do zawierania ma\u0142\u017ce\u0144stw, ale cz\u0119sto jednak ma wp\u0142yw na plany zwi\u0105zane z przyj\u015bciem na \u015bwiat potomka i zwi\u0105zanej z tym sytuacji finansowej rodziny.\u00a0Beneficjenci Programu tak przyzwyczaili si\u0119 do comiesi\u0119cznego przelewu, \u017ce raczej nie wybaczyliby nikomu jego redukcji lub ca\u0142kowitego anulowania. Czy ma on jednak wp\u0142yw na wzrost dzietno\u015bci?<\/p>\n<p><strong>Wr\u00f3\u0107my do naszych k\u0142opot\u00f3w demograficznych. <\/strong>Prawdopodobnie nie dotycz\u0105 one tylko Gminy Sadowne, a ka\u017cdego miasta i gminy w Polsce. Na pocz\u0105tku naszych rozwa\u017ca\u0144 wyeliminowali\u015bmy ju\u017c niekt\u00f3re przyczyny spadku liczby ludno\u015bci w Gminie Sadowne, ale pozosta\u0142a by\u0107 mo\u017ce ta najwa\u017cniejsza \u2013 migracja. Oczywi\u015bcie g\u0142\u00f3wnie chodzi tu o emigracj\u0119 m\u0142odych do wi\u0119kszych aglomeracji.<\/p>\n<p><strong>Czy s\u0105 w og\u00f3le na to jakie\u015b sposoby?\u00a0 <\/strong>Emigracja ze wsi do miast ludzi w wieku produkcyjnym to wielki problem w ca\u0142ym kraju. M\u0142odych nale\u017cy zach\u0119ci\u0107 do tego, aby chcieli pozosta\u0107 na wsi.\u00a0 Jak? Stworzy\u0107 im i ich przysz\u0142ym rodzinom warunki do \u017cycia na r\u00f3wni z mieszka\u0144cami miast, rozbudowa\u0107 atrakcyjny rynek pracy, itp., itd. Jednocze\u015bnie zach\u0119ta ta ma r\u00f3wnie\u017c dotyczy\u0107 tych, kt\u00f3rzy planuj\u0105 powr\u00f3t na wie\u015b i rozwa\u017caj\u0105 wszystkie \u201eza\u201d oraz \u201eprzeciw\u201d.<\/p>\n<p><strong>Nie nam jednak szuka\u0107 przyczyn. S\u0105 od tego odpowiednie instytucje i \u201etysi\u0105ce\u201d analityk\u00f3w.<\/strong><strong> Wszyscy zapewne wiedz\u0105, i\u017c <\/strong>wyludnienie powoduje, \u017ce zmniejszaj\u0105 si\u0119 dochody gmin. To z kolei sprawia, \u017ce gminy nie s\u0105 w stanie nale\u017cycie wywi\u0105zywa\u0107 si\u0119 z na\u0142o\u017conych na nie obowi\u0105zk\u00f3w, zada\u0144 spo\u0142ecznych, kulturalnych czy rozwojowych. Wi\u0119c, jako\u015b trzeba b\u0119dzie si\u0119 upora\u0107 z problemem migracji\u2026<\/p>\n<p><strong>Tekst:<\/strong> S\u0142awek Chyli\u0144ski<\/p>\n<p><strong>Foto:<\/strong> Pawe\u0142 Jakubik<\/p>\n<p><strong>\u0179r\u00f3d\u0142o:<\/strong> Urz\u0105d Stanu Cywilnego w Sadownem<\/p>\n","protected":false},"excerpt":{"rendered":"<p>Wyludnienie to inaczej depopulacja. Czy grozi Gminie Sadowne?<\/p>\n","protected":false},"author":1,"featured_media":0,"comment_status":"closed","ping_status":"closed","sticky":false,"template":"","format":"standard","meta":{"footnotes":""},"categories":[5,1],"tags":[1827,3135,3701],"class_list":["post-25590","post","type-post","status-publish","format-standard","hentry","category-newsy","category-inne","tag-gmina-sadowne","tag-urzad-stanu-cywilnego-w-sadownem","tag-wyludnienie"],"views":2991,"_links":{"self":[{"href":"https:\/\/info.sadowne.pl\/index.php?rest_route=\/wp\/v2\/posts\/25590","targetHints":{"allow":["GET"]}}],"collection":[{"href":"https:\/\/info.sadowne.pl\/index.php?rest_route=\/wp\/v2\/posts"}],"about":[{"href":"https:\/\/info.sadowne.pl\/index.php?rest_route=\/wp\/v2\/types\/post"}],"author":[{"embeddable":true,"href":"https:\/\/info.sadowne.pl\/index.php?rest_route=\/wp\/v2\/users\/1"}],"replies":[{"embeddable":true,"href":"https:\/\/info.sadowne.pl\/index.php?rest_route=%2Fwp%2Fv2%2Fcomments&post=25590"}],"version-history":[{"count":1,"href":"https:\/\/info.sadowne.pl\/index.php?rest_route=\/wp\/v2\/posts\/25590\/revisions"}],"predecessor-version":[{"id":25592,"href":"https:\/\/info.sadowne.pl\/index.php?rest_route=\/wp\/v2\/posts\/25590\/revisions\/25592"}],"wp:attachment":[{"href":"https:\/\/info.sadowne.pl\/index.php?rest_route=%2Fwp%2Fv2%2Fmedia&parent=25590"}],"wp:term":[{"taxonomy":"category","embeddable":true,"href":"https:\/\/info.sadowne.pl\/index.php?rest_route=%2Fwp%2Fv2%2Fcategories&post=25590"},{"taxonomy":"post_tag","embeddable":true,"href":"https:\/\/info.sadowne.pl\/index.php?rest_route=%2Fwp%2Fv2%2Ftags&post=25590"}],"curies":[{"name":"wp","href":"https:\/\/api.w.org\/{rel}","templated":true}]}}