{"id":25635,"date":"2022-02-14T18:19:31","date_gmt":"2022-02-14T17:19:31","guid":{"rendered":"http:\/\/info.sadowne.pl\/?p=25635"},"modified":"2022-02-14T18:19:31","modified_gmt":"2022-02-14T17:19:31","slug":"wspolne-inwestycje-w-sadownem","status":"publish","type":"post","link":"https:\/\/info.sadowne.pl\/?p=25635","title":{"rendered":"Wsp\u00f3lne inwestycje w Sadownem"},"content":{"rendered":"<p><a href=\"http:\/\/info.sadowne.pl\/wp-content\/uploads\/2022\/02\/2022.02.14.1.jpg\" target=\"_blank\" rel=\"noopener\"><img loading=\"lazy\" decoding=\"async\" class=\"alignleft wp-image-25636 size-thumbnail\" src=\"http:\/\/info.sadowne.pl\/wp-content\/uploads\/2022\/02\/2022.02.14.1-180x130.jpg\" alt=\"\" width=\"180\" height=\"130\" \/><\/a><\/p>\n<p><strong>14 lutego w Sadownem oficjalnie zako\u0144czono przebudow\u0119 i remont obiekt\u00f3w sportowych, z kt\u00f3rych korzystaj\u0105 uczniowie tutejszych szk\u00f3\u0142. <\/strong><!--more--><\/p>\n<p>By\u0142y to zadania, kt\u00f3re wsp\u00f3lnie sfinansowa\u0142y Samorz\u0105dy: Wojew\u00f3dztwa Mazowieckiego, Powiatu W\u0119growskiego i Gminy Sadowne. Dzi\u0119ki wsp\u00f3lnym dzia\u0142aniom Samorz\u0105d\u00f3w sadowie\u0144scy uczniowie mog\u0105 ju\u017c korzysta\u0107 z wyremontowanej sali gimnastycznej oraz hali sportowej z zapleczem. Zadania te polega\u0142y na:<\/p>\n<p>&#8211; przebudowie w dw\u00f3ch etapach sali gimnastycznej wraz z zapleczem (sala, szatnie i pomieszczenia dla nauczycieli WF) przy Zespole Szk\u00f3\u0142 Ponadpodstawowych\u00a0w Sadownem:<\/p>\n<p>etap 1 \u2013 warto\u015b\u0107 inwestycji: 192\u00a0615,95 z\u0142, w tym 100\u00a0000 z\u0142. dotacja Samorz\u0105du Wojew\u00f3dztwa Mazowieckiego w ramach \u201eMazowieckiego Instrumentu Wsparcia Infrastruktury Sportowej MAZOWSZE 2021\u201d i 92\u00a0615,95 z\u0142 z bud\u017cetu Samorz\u0105du Powiatu W\u0119growskiego,<\/p>\n<p>etap 2 \u2013 warto\u015b\u0107 inwestycji: 179\u00a0884,47 z\u0142, w tym 100\u00a0000 z\u0142 dotacji z Samorz\u0105du Wojew\u00f3dztwa Mazowieckiego i 79\u00a0884,47 z\u0142 z bud\u017cetu Gminy Sadowne.<\/p>\n<p>&#8211; remoncie szatni oraz pomieszcze\u0144 sanitarnych przy hali sportowej\u00a0w Sadownem\u00a0 o warto\u015bci 337\u00a0633,27 z\u0142, w tym 200\u00a0000 z\u0142 ze \u015brodk\u00f3w bud\u017cetu Wojew\u00f3dztwa Mazowieckiego w ramach \u201eMazowieckiego Instrumentu Wsparcia Infrastruktury Sportowej MAZOWSZE 2021\u201d, a pozosta\u0142a kwota z bud\u017cetu Gminy Sadowne. W ramach tego zadania wykonano remont 4. szatni dla sportowc\u00f3w, szatni dla os\u00f3b niepe\u0142nosprawnych, 4. WC dla sportowc\u00f3w, WC dla os\u00f3b niepe\u0142nosprawnych, WC dla trener\u00f3w\/nauczycieli WF, 2. pomieszcze\u0144 z natryskami oraz pokoju dla trener\u00f3w\/nauczycieli WF. Ponadto od\u015bwie\u017cono \u015bciany i wymieniono drzwi na korytarzu \u0142\u0105cz\u0105cym wyremontowane pomieszczenia.<\/p>\n<p>W poniedzia\u0142ek 14 lutego nast\u0105pi\u0142o oficjalne zako\u0144czenie inwestycji i oddanie obiekt\u00f3w sportowych do u\u017cytku. W uroczysto\u015bci wzi\u0119li udzia\u0142 pp.: Pose\u0142 na Sejm RP Maciej G\u00f3rski, Cz\u0142onkinie Zarz\u0105du Wojew\u00f3dztwa Mazowieckiego:\u00a0El\u017cbieta Lanc\u00a0i\u00a0Janina Ewa Orze\u0142owska, Starosta W\u0119growski Ewa Besztak, Wicestarosta Marek Renik, Radni Powiatu W\u0119growskiego: Ma\u0142gorzata Zy\u015bk, Tadeusz Kot i W\u0142odzimierz Miszczak, W\u00f3jt Gminy Sadowne Waldemar Cyran, Zast\u0119pca W\u00f3jta Marcin Gr\u0119da, Skarbnik Gminy Anna Rukat, Przewodnicz\u0105cy Rady Gminy Sadowne Tomasz Szymanik i Wiceprzewodnicz\u0105ca Rady Irena D\u0119bkowska oraz Proboszcz Parafii Sadowne ks. Antoni Kunicki.<\/p>\n<p>Symboliczne oddanie obiekt\u00f3w sportowych do u\u017cytku to przeci\u0119cie wst\u0119gi &#8211; w sali gimnastycznej dokonali tego gospodarze, dyrektorzy szk\u00f3\u0142: podstawowej p. Ma\u0142gorzata Koro\u015b i ZSP p. S\u0142awomir Ryszawa, natomiast w hali sportowej pp.: El\u017cbieta Lanc, Ewa Orze\u0142owska, Ma\u0142gorzata Zy\u015bk i Waldemar Cyran. Nie oby\u0142o si\u0119 te\u017c bez kr\u00f3tkich przem\u00f3wie\u0144 i po\u015bwi\u0119cenia obiekt\u00f3w przez ks. Antoniego Kunickiego.<\/p>\n<p>Brawa dla wsp\u00f3\u0142pracuj\u0105cych ze sob\u0105 samorz\u0105d\u00f3w, kt\u00f3re wsp\u00f3\u0142finansowa\u0142y tak wa\u017cne inwestycje dla naszej Gminy, a zw\u0142aszcza dla dzieci i m\u0142odzie\u017cy ucz\u0105cych si\u0119 w sadowie\u0144skich szko\u0142ach.<\/p>\n<p>C\u00f3\u017c do tego doda\u0107? Czekamy na kolejne inwestycje!<\/p>\n<p><strong>Zdj\u0119cia w galerii Google <span style=\"color: #0000ff;\"><a style=\"color: #0000ff;\" href=\"https:\/\/photos.app.goo.gl\/YtDEz5FWVEm6eAP86\" target=\"_blank\" rel=\"noopener\">https:\/\/photos.app.goo.gl\/YtDEz5FWVEm6eAP86<\/a><\/span><\/strong><\/p>\n<p><strong>Tekst\/foto:<\/strong> S\u0142awek Chyli\u0144ski<\/p>\n","protected":false},"excerpt":{"rendered":"<p>14 lutego w Sadownem oficjalnie zako\u0144czono przebudow\u0119 i remont obiekt\u00f3w sportowych, z kt\u00f3rych korzystaj\u0105 uczniowie tutejszych szk\u00f3\u0142.<\/p>\n","protected":false},"author":1,"featured_media":0,"comment_status":"closed","ping_status":"closed","sticky":false,"template":"","format":"standard","meta":{"footnotes":""},"categories":[5,1752,84,85],"tags":[3712,16,3197],"class_list":["post-25635","post","type-post","status-publish","format-standard","hentry","category-newsy","category-edukacja","category-szkola-podstawowa-im-cz-wycecha","category-zsp","tag-remont-sali-gimnastycznej-i-hali-sportowej-w-sadownem","tag-szkola-podstawowa-w-sadownem","tag-zespol-szkol-ponadpodstawowych-w-sadownem"],"views":2569,"_links":{"self":[{"href":"https:\/\/info.sadowne.pl\/index.php?rest_route=\/wp\/v2\/posts\/25635","targetHints":{"allow":["GET"]}}],"collection":[{"href":"https:\/\/info.sadowne.pl\/index.php?rest_route=\/wp\/v2\/posts"}],"about":[{"href":"https:\/\/info.sadowne.pl\/index.php?rest_route=\/wp\/v2\/types\/post"}],"author":[{"embeddable":true,"href":"https:\/\/info.sadowne.pl\/index.php?rest_route=\/wp\/v2\/users\/1"}],"replies":[{"embeddable":true,"href":"https:\/\/info.sadowne.pl\/index.php?rest_route=%2Fwp%2Fv2%2Fcomments&post=25635"}],"version-history":[{"count":1,"href":"https:\/\/info.sadowne.pl\/index.php?rest_route=\/wp\/v2\/posts\/25635\/revisions"}],"predecessor-version":[{"id":25637,"href":"https:\/\/info.sadowne.pl\/index.php?rest_route=\/wp\/v2\/posts\/25635\/revisions\/25637"}],"wp:attachment":[{"href":"https:\/\/info.sadowne.pl\/index.php?rest_route=%2Fwp%2Fv2%2Fmedia&parent=25635"}],"wp:term":[{"taxonomy":"category","embeddable":true,"href":"https:\/\/info.sadowne.pl\/index.php?rest_route=%2Fwp%2Fv2%2Fcategories&post=25635"},{"taxonomy":"post_tag","embeddable":true,"href":"https:\/\/info.sadowne.pl\/index.php?rest_route=%2Fwp%2Fv2%2Ftags&post=25635"}],"curies":[{"name":"wp","href":"https:\/\/api.w.org\/{rel}","templated":true}]}}