{"id":25642,"date":"2022-02-19T12:21:17","date_gmt":"2022-02-19T11:21:17","guid":{"rendered":"http:\/\/info.sadowne.pl\/?p=25642"},"modified":"2022-02-19T12:21:17","modified_gmt":"2022-02-19T11:21:17","slug":"wiersz-z-okienka-trudno-uwierzyc","status":"publish","type":"post","link":"https:\/\/info.sadowne.pl\/?p=25642","title":{"rendered":"Wiersz z okienka \u2013 \u201eTrudno uwierzy\u0107\u201d"},"content":{"rendered":"<p><strong><a href=\"http:\/\/info.sadowne.pl\/wp-content\/uploads\/2022\/02\/2022.02.19.1-rotated.jpg\" target=\"_blank\" rel=\"noopener\"><img loading=\"lazy\" decoding=\"async\" class=\"alignleft wp-image-25643 size-thumbnail\" src=\"http:\/\/info.sadowne.pl\/wp-content\/uploads\/2022\/02\/2022.02.19.1-180x130.jpg\" alt=\"\" width=\"180\" height=\"130\" \/><\/a>Anna W\u0142odarczyk (Kowalczyk) \u2013 absolwentka Liceum Og\u00f3lnokszta\u0142c\u0105cego w <\/strong><strong>Sadownem. Opublikowa\u0142a tomik wierszy pt.: \u201cDziewczyna na Lipowej\u201d. <\/strong><!--more--><\/p>\n<p>Jej utwory znalaz\u0142y si\u0119 tak\u017ce w kilku almanachach poezji. Wi\u0119kszo\u015b\u0107 publikacji jest dost\u0119pna w Bibliotece Publicznej w Sadownem.<\/p>\n<p>Wierszem \u201cTrudno uwierzy\u0107\u201d ko\u0144czy si\u0119 prezentacja tw\u00f3rczo\u015bci Ani. Za dwa tygodnie uka\u017c\u0105 si\u0119 wiersze innego absolwenta sadowie\u0144skiego LO &#8211; Karola Wojteczka. Wi\u0119cej informacji o Karolu przeczytacie przy publikacji pierwszego wiersza w Info Sadowne.<\/p>\n<p><em>\u00a0<\/em><em>W.M.<\/em><em>\u00a0\u00a0\u00a0\u00a0\u00a0\u00a0\u00a0\u00a0\u00a0\u00a0\u00a0\u00a0\u00a0\u00a0\u00a0\u00a0\u00a0\u00a0\u00a0\u00a0\u00a0\u00a0\u00a0\u00a0\u00a0\u00a0\u00a0\u00a0\u00a0\u00a0\u00a0\u00a0\u00a0\u00a0\u00a0\u00a0\u00a0\u00a0\u00a0\u00a0\u00a0\u00a0\u00a0\u00a0\u00a0\u00a0\u00a0\u00a0\u00a0\u00a0\u00a0\u00a0\u00a0\u00a0\u00a0\u00a0\u00a0\u00a0\u00a0\u00a0\u00a0\u00a0\u00a0\u00a0\u00a0\u00a0\u00a0\u00a0\u00a0\u00a0\u00a0\u00a0\u00a0\u00a0\u00a0\u00a0\u00a0\u00a0\u00a0\u00a0\u00a0\u00a0\u00a0\u00a0\u00a0\u00a0\u00a0\u00a0\u00a0\u00a0\u00a0\u00a0\u00a0\u00a0\u00a0\u00a0\u00a0\u00a0\u00a0\u00a0\u00a0\u00a0\u00a0\u00a0\u00a0\u00a0\u00a0\u00a0\u00a0\u00a0\u00a0\u00a0 \u00a0<\/em><\/p>\n<p><strong><em>Anna W\u0142odarczyk<\/em><\/strong><strong><em> &#8211; <\/em><\/strong><strong><em>Trudno uwierzy\u0107<\/em><\/strong><\/p>\n<p><strong><em>***<\/em><\/strong><\/p>\n<p>Rozpruty s\u0142onik w kratk\u0119,<\/p>\n<p>dzieci\u0119co\u015b\u0107, przejrzysto\u015b\u0107.<\/p>\n<p>\u0141zy na przemian ze \u015bmiechem.<\/p>\n<p>Mama nade wszystko.<\/p>\n<p><a href=\"http:\/\/info.sadowne.pl\/wp-content\/uploads\/2022\/02\/2022.02.19.2-rotated.jpg\" target=\"_blank\" rel=\"noopener\"><img loading=\"lazy\" decoding=\"async\" class=\"alignright wp-image-25644 size-medium\" src=\"http:\/\/info.sadowne.pl\/wp-content\/uploads\/2022\/02\/2022.02.19.2-211x300.jpg\" alt=\"\" width=\"211\" height=\"300\" srcset=\"https:\/\/info.sadowne.pl\/wp-content\/uploads\/2022\/02\/2022.02.19.2-211x300.jpg 211w, https:\/\/info.sadowne.pl\/wp-content\/uploads\/2022\/02\/2022.02.19.2-rotated.jpg 554w\" sizes=\"auto, (max-width: 211px) 100vw, 211px\" \/><\/a>***<\/p>\n<p>P\u00f3\u017aniej wiara.<\/p>\n<p>***<\/p>\n<p>Wierzy si\u0119 w taniec<\/p>\n<p>lub przestrach przed blisko\u015bci\u0105 d\u0142oni.<\/p>\n<p>Wierzy si\u0119 w walentynki i w czu\u0142e wyznania.<\/p>\n<p>Tak\u017ce czasem w piernikowe serca na dwoje dzielone.<\/p>\n<p>***<\/p>\n<p>Wierzy si\u0119 w rycerzy na koniach<\/p>\n<p>i panny w wie\u017cach.<\/p>\n<p>W koronkowe serwetki babci<\/p>\n<p>i stare zdj\u0119cia.<\/p>\n<p>W romantyczno\u015b\u0107 si\u0119 wierzy, w \u017caby no i w ksi\u0119cia.<\/p>\n<p>A czasem te\u017c w nieba pogodno\u015b\u0107.<\/p>\n<p>***<\/p>\n<p>Nie wierzy si\u0119 w samotno\u015b\u0107<\/p>\n<p>***<\/p>\n<p><em>\u00a0\u00a0\u00a0\u00a0\u00a0\u00a0\u00a0\u00a0\u00a0\u00a0\u00a0\u00a0\u00a0\u00a0\u00a0\u00a0\u00a0 <\/em><em>Ogrodniki, 11 stycznia 2006 r.<\/em><\/p>\n","protected":false},"excerpt":{"rendered":"<p>Anna W\u0142odarczyk (Kowalczyk) \u2013 absolwentka Liceum Og\u00f3lnokszta\u0142c\u0105cego w Sadownem. Opublikowa\u0142a tomik wierszy pt.: \u201cDziewczyna na Lipowej\u201d.<\/p>\n","protected":false},"author":1,"featured_media":0,"comment_status":"closed","ping_status":"closed","sticky":false,"template":"","format":"standard","meta":{"footnotes":""},"categories":[5,48,6,108],"tags":[122,109,3669,2730,3713],"class_list":["post-25642","post","type-post","status-publish","format-standard","hentry","category-newsy","category-kacik-literacki","category-kultura-rozrywka-edukacja","category-okienko-poetyckie","tag-anna-wlodarczyk","tag-grupa-poetycka-iwa","tag-okienko-poetyckie","tag-poezja","tag-wiersz-trudno-uwierzyc"],"views":2031,"_links":{"self":[{"href":"https:\/\/info.sadowne.pl\/index.php?rest_route=\/wp\/v2\/posts\/25642","targetHints":{"allow":["GET"]}}],"collection":[{"href":"https:\/\/info.sadowne.pl\/index.php?rest_route=\/wp\/v2\/posts"}],"about":[{"href":"https:\/\/info.sadowne.pl\/index.php?rest_route=\/wp\/v2\/types\/post"}],"author":[{"embeddable":true,"href":"https:\/\/info.sadowne.pl\/index.php?rest_route=\/wp\/v2\/users\/1"}],"replies":[{"embeddable":true,"href":"https:\/\/info.sadowne.pl\/index.php?rest_route=%2Fwp%2Fv2%2Fcomments&post=25642"}],"version-history":[{"count":1,"href":"https:\/\/info.sadowne.pl\/index.php?rest_route=\/wp\/v2\/posts\/25642\/revisions"}],"predecessor-version":[{"id":25645,"href":"https:\/\/info.sadowne.pl\/index.php?rest_route=\/wp\/v2\/posts\/25642\/revisions\/25645"}],"wp:attachment":[{"href":"https:\/\/info.sadowne.pl\/index.php?rest_route=%2Fwp%2Fv2%2Fmedia&parent=25642"}],"wp:term":[{"taxonomy":"category","embeddable":true,"href":"https:\/\/info.sadowne.pl\/index.php?rest_route=%2Fwp%2Fv2%2Fcategories&post=25642"},{"taxonomy":"post_tag","embeddable":true,"href":"https:\/\/info.sadowne.pl\/index.php?rest_route=%2Fwp%2Fv2%2Ftags&post=25642"}],"curies":[{"name":"wp","href":"https:\/\/api.w.org\/{rel}","templated":true}]}}