{"id":25666,"date":"2022-02-28T11:25:13","date_gmt":"2022-02-28T10:25:13","guid":{"rendered":"http:\/\/info.sadowne.pl\/?p=25666"},"modified":"2022-02-28T11:25:13","modified_gmt":"2022-02-28T10:25:13","slug":"kronika-strazacka-21-27-lutego-2022","status":"publish","type":"post","link":"https:\/\/info.sadowne.pl\/?p=25666","title":{"rendered":"Kronika stra\u017cacka 21 \u2013 27 lutego 2022"},"content":{"rendered":"<p><strong><a href=\"http:\/\/info.sadowne.pl\/wp-content\/uploads\/2013\/07\/straz3.jpg\"><img loading=\"lazy\" decoding=\"async\" class=\"alignleft size-thumbnail wp-image-2625\" src=\"http:\/\/info.sadowne.pl\/wp-content\/uploads\/2013\/07\/straz3-180x130.jpg\" alt=\"\" width=\"180\" height=\"130\" \/><\/a>W<\/strong><strong> okresie<\/strong><strong> od<\/strong><strong> 21.02. &#8211; 27.02.2022 na<\/strong><strong> terenie<\/strong><strong> powiatu<\/strong><strong> w\u0119growskiego<\/strong><strong> zanotowano: 62 zdarzenia,<\/strong><strong> przy<\/strong><strong> kt\u00f3rych<\/strong><strong> interweniowa\u0142y<\/strong><strong> jednostki<\/strong><strong> ochrony<\/strong><strong> przeciwpo\u017carowej, w tym:<\/strong><strong> 2 po\u017cary, 56 miejscowych zagro\u017ce\u0144 i 4 alarmy fa\u0142szywe.<\/strong><!--more--><\/p>\n<p><strong>23-02-2022 &#8211; W\u0119gr\u00f3w &#8211; beczki z nieznan\u0105 substancj\u0105.<\/strong><\/p>\n<p>W godzinach popo\u0142udniowych zast\u0119py stra\u017cy interweniowa\u0142y w zwi\u0105zku z ujawnieniem przez Policj\u0119 sk\u0142adowiska pojemnik\u00f3w z nieznan\u0105 substancj\u0105. W dzia\u0142aniach udzia\u0142 bra\u0142o PSP 5 zast\u0119p\u00f3w w tym Specjalistyczna Grupa Ratownictwa Chemicznego.<\/p>\n<p><strong>25-02-2022 \u2013 Mi\u0119dzyle\u015b, gm. Miedzna &#8211; po\u017car budynku gospodarczego.<br \/>\n<\/strong>Oko\u0142o po\u0142udnia mia\u0142 miejsce po\u017car w oborze murowanej. Spaleniu uleg\u0142o cz\u0119\u015b\u0107 obory.<\/p>\n<p>W dzia\u0142aniach udzia\u0142 bra\u0142o PSP \u2013 1 zast\u0119p i OSP 3 zast\u0119py. Przypuszczalna przyczyna \u2013 zwarcie instalacji elektrycznej.<\/p>\n<p><strong>W dniach 21 &#8211; 27-02-2022<\/strong> zast\u0119py stra\u017cy interweniowa\u0142y 52 razy w zwi\u0105zku z usuwaniem szk\u00f3d po wichurze z dnia 26-02-2022.<\/p>\n<p><strong>KP PSP W\u0119gr\u00f3w<\/strong><\/p>\n","protected":false},"excerpt":{"rendered":"<p>W okresie od 21.02. &#8211; 27.02.2022 na terenie powiatu w\u0119growskiego zanotowano: 62 zdarzenia, przy kt\u00f3rych interweniowa\u0142y jednostki ochrony przeciwpo\u017carowej, w tym: 2 po\u017cary, 56 miejscowych zagro\u017ce\u0144 i 4 alarmy fa\u0142szywe.<\/p>\n","protected":false},"author":1,"featured_media":0,"comment_status":"closed","ping_status":"closed","sticky":false,"template":"","format":"standard","meta":{"footnotes":""},"categories":[5,4,267],"tags":[491,643],"class_list":["post-25666","post","type-post","status-publish","format-standard","hentry","category-newsy","category-policja-straz-pozarna-pogotowie-ratunkowe","category-straz-pozarna-policja-straz-pozarna-pogotowie-ratunkowe","tag-komenda-powiatowa-panstwowej-strazy-pozarnej-w-wegrowie","tag-kronika-strazacka"],"views":2320,"_links":{"self":[{"href":"https:\/\/info.sadowne.pl\/index.php?rest_route=\/wp\/v2\/posts\/25666","targetHints":{"allow":["GET"]}}],"collection":[{"href":"https:\/\/info.sadowne.pl\/index.php?rest_route=\/wp\/v2\/posts"}],"about":[{"href":"https:\/\/info.sadowne.pl\/index.php?rest_route=\/wp\/v2\/types\/post"}],"author":[{"embeddable":true,"href":"https:\/\/info.sadowne.pl\/index.php?rest_route=\/wp\/v2\/users\/1"}],"replies":[{"embeddable":true,"href":"https:\/\/info.sadowne.pl\/index.php?rest_route=%2Fwp%2Fv2%2Fcomments&post=25666"}],"version-history":[{"count":1,"href":"https:\/\/info.sadowne.pl\/index.php?rest_route=\/wp\/v2\/posts\/25666\/revisions"}],"predecessor-version":[{"id":25667,"href":"https:\/\/info.sadowne.pl\/index.php?rest_route=\/wp\/v2\/posts\/25666\/revisions\/25667"}],"wp:attachment":[{"href":"https:\/\/info.sadowne.pl\/index.php?rest_route=%2Fwp%2Fv2%2Fmedia&parent=25666"}],"wp:term":[{"taxonomy":"category","embeddable":true,"href":"https:\/\/info.sadowne.pl\/index.php?rest_route=%2Fwp%2Fv2%2Fcategories&post=25666"},{"taxonomy":"post_tag","embeddable":true,"href":"https:\/\/info.sadowne.pl\/index.php?rest_route=%2Fwp%2Fv2%2Ftags&post=25666"}],"curies":[{"name":"wp","href":"https:\/\/api.w.org\/{rel}","templated":true}]}}