{"id":25671,"date":"2022-03-02T16:03:44","date_gmt":"2022-03-02T15:03:44","guid":{"rendered":"http:\/\/info.sadowne.pl\/?p=25671"},"modified":"2022-03-02T16:03:44","modified_gmt":"2022-03-02T15:03:44","slug":"warto-zajrzec-na-cmentarz","status":"publish","type":"post","link":"https:\/\/info.sadowne.pl\/?p=25671","title":{"rendered":"Warto zajrze\u0107 na cmentarz!"},"content":{"rendered":"<p><a href=\"http:\/\/info.sadowne.pl\/wp-content\/uploads\/2022\/03\/2022.03.02.5.jpg\" target=\"_blank\" rel=\"noopener\"><img loading=\"lazy\" decoding=\"async\" class=\"alignleft wp-image-25672 size-thumbnail\" src=\"http:\/\/info.sadowne.pl\/wp-content\/uploads\/2022\/03\/2022.03.02.5-180x130.jpg\" alt=\"\" width=\"180\" height=\"130\" \/><\/a><\/p>\n<p><strong>Po ostatnich nag\u0142ych zmianach w pogodzie troch\u0119 naba\u0142agani\u0142o si\u0119 na sadowie\u0144skim cmentarzu. Warto zajrze\u0107 na groby bliskich i zrobi\u0107 porz\u0105dki.<\/strong><!--more--><\/p>\n<p><a href=\"http:\/\/info.sadowne.pl\/wp-content\/uploads\/2022\/03\/2022.03.02.6.jpg\" target=\"_blank\" rel=\"noopener\"><img loading=\"lazy\" decoding=\"async\" class=\"alignright wp-image-25673 size-thumbnail\" src=\"http:\/\/info.sadowne.pl\/wp-content\/uploads\/2022\/03\/2022.03.02.6-180x130.jpg\" alt=\"\" width=\"180\" height=\"130\" \/><\/a><\/p>\n<p>Mn\u00f3stwo pot\u0142uczonego szk\u0142a ze spadaj\u0105cych z grob\u00f3w zniczy, gdzieniegdzie cz\u0119\u015bciowo uszkodzone od spadaj\u0105cych ga\u0142\u0119zi nagrobki, czasami kwiaty i wi\u0105zanki z naszych grob\u00f3w gdzie\u015b dalej, pomi\u0119dzy s\u0105siednimi nagrobkami. Taki widok mo\u017cna zasta\u0107 na cmentarzu parafialnym w Sadownem.<\/p>\n<p><a href=\"http:\/\/info.sadowne.pl\/wp-content\/uploads\/2022\/03\/2022.03.02.7.jpg\"><img loading=\"lazy\" decoding=\"async\" class=\"alignleft wp-image-25674 size-thumbnail\" src=\"http:\/\/info.sadowne.pl\/wp-content\/uploads\/2022\/03\/2022.03.02.7-180x130.jpg\" alt=\"\" width=\"180\" height=\"130\" \/><\/a><\/p>\n<p>&#8222;Ba\u0142aganu&#8221; narobi\u0142y wichury, kt\u00f3re w ostatnim czasie nawiedzi\u0142y teren sadowie\u0144skiej gminy. Ich skutki powoli s\u0105 likwidowane, ale to jeszcze potrwa. Zach\u0119camy do odwiedzenia grob\u00f3w, kt\u00f3rymi si\u0119 opiekujemy\u2026<\/p>\n<p><strong>Tekst\/foto:<\/strong> S\u0142awek Chyli\u0144ski<\/p>\n","protected":false},"excerpt":{"rendered":"<p>Po ostatnich nag\u0142ych zmianach w pogodzie troch\u0119 naba\u0142agani\u0142o si\u0119 na sadowie\u0144skim cmentarzu. Warto zajrze\u0107 na groby bliskich i zrobi\u0107 porz\u0105dki.<\/p>\n","protected":false},"author":1,"featured_media":0,"comment_status":"closed","ping_status":"closed","sticky":false,"template":"","format":"standard","meta":{"footnotes":""},"categories":[5,1],"tags":[471,25],"class_list":["post-25671","post","type-post","status-publish","format-standard","hentry","category-newsy","category-inne","tag-cmentarz-w-sadownem","tag-sadowne"],"views":2817,"_links":{"self":[{"href":"https:\/\/info.sadowne.pl\/index.php?rest_route=\/wp\/v2\/posts\/25671","targetHints":{"allow":["GET"]}}],"collection":[{"href":"https:\/\/info.sadowne.pl\/index.php?rest_route=\/wp\/v2\/posts"}],"about":[{"href":"https:\/\/info.sadowne.pl\/index.php?rest_route=\/wp\/v2\/types\/post"}],"author":[{"embeddable":true,"href":"https:\/\/info.sadowne.pl\/index.php?rest_route=\/wp\/v2\/users\/1"}],"replies":[{"embeddable":true,"href":"https:\/\/info.sadowne.pl\/index.php?rest_route=%2Fwp%2Fv2%2Fcomments&post=25671"}],"version-history":[{"count":1,"href":"https:\/\/info.sadowne.pl\/index.php?rest_route=\/wp\/v2\/posts\/25671\/revisions"}],"predecessor-version":[{"id":25675,"href":"https:\/\/info.sadowne.pl\/index.php?rest_route=\/wp\/v2\/posts\/25671\/revisions\/25675"}],"wp:attachment":[{"href":"https:\/\/info.sadowne.pl\/index.php?rest_route=%2Fwp%2Fv2%2Fmedia&parent=25671"}],"wp:term":[{"taxonomy":"category","embeddable":true,"href":"https:\/\/info.sadowne.pl\/index.php?rest_route=%2Fwp%2Fv2%2Fcategories&post=25671"},{"taxonomy":"post_tag","embeddable":true,"href":"https:\/\/info.sadowne.pl\/index.php?rest_route=%2Fwp%2Fv2%2Ftags&post=25671"}],"curies":[{"name":"wp","href":"https:\/\/api.w.org\/{rel}","templated":true}]}}