{"id":25676,"date":"2022-03-02T16:09:26","date_gmt":"2022-03-02T15:09:26","guid":{"rendered":"http:\/\/info.sadowne.pl\/?p=25676"},"modified":"2022-03-02T16:09:26","modified_gmt":"2022-03-02T15:09:26","slug":"uwaga-pilne","status":"publish","type":"post","link":"https:\/\/info.sadowne.pl\/?p=25676","title":{"rendered":"UWAGA! PILNE!"},"content":{"rendered":"<p><a href=\"http:\/\/info.sadowne.pl\/wp-content\/uploads\/2022\/03\/2022.03.02.1.jpg\" target=\"_blank\" rel=\"noopener\"><img loading=\"lazy\" decoding=\"async\" class=\"alignleft wp-image-25677 size-thumbnail\" src=\"http:\/\/info.sadowne.pl\/wp-content\/uploads\/2022\/03\/2022.03.02.1-180x130.jpg\" alt=\"\" width=\"180\" height=\"130\" \/><\/a><\/p>\n<p><strong>Gminny O\u015brodek Kultury w Sadownem i Gminna Biblioteka Publiczna w Sadownem czekaj\u0105 na kolejne dary dla ukrai\u0144skich uciekinier\u00f3w. Zbi\u00f3rka, segregowanie i pakowanie ich nadal trwaj\u0105.<\/strong><!--more--><\/p>\n<p>W\u0142a\u015bnie wys\u0142ano pierwszy transport dla przekraczaj\u0105cych granic\u0119 uciekinier\u00f3w z Ukrainy. Wszystkim darczy\u0144com serdecznie dzi\u0119kujemy za dostarczone dary do Gminnego O\u015brodka Kultury w Sadownem i innych punkt\u00f3w zbi\u00f3rki na terenie Gminy Sadowne.<a href=\"http:\/\/info.sadowne.pl\/wp-content\/uploads\/2022\/03\/2022.03.02.2.jpg\" target=\"_blank\" rel=\"noopener\"><img loading=\"lazy\" decoding=\"async\" class=\"alignright wp-image-25678 size-medium\" src=\"http:\/\/info.sadowne.pl\/wp-content\/uploads\/2022\/03\/2022.03.02.2-300x231.jpg\" alt=\"\" width=\"300\" height=\"231\" srcset=\"https:\/\/info.sadowne.pl\/wp-content\/uploads\/2022\/03\/2022.03.02.2-300x231.jpg 300w, https:\/\/info.sadowne.pl\/wp-content\/uploads\/2022\/03\/2022.03.02.2-768x592.jpg 768w, https:\/\/info.sadowne.pl\/wp-content\/uploads\/2022\/03\/2022.03.02.2.jpg 792w\" sizes=\"auto, (max-width: 300px) 100vw, 300px\" \/><\/a><\/p>\n<p>Za 2 \u2013 3 dni wyruszy kolejny transport z Naszej Gminy, dlatego te\u017c prosimy o szybkie dostarczanie do miejsc zbi\u00f3rki gromadzonych artyku\u0142\u00f3w. Prosz\u0119 zwr\u00f3ci\u0107 uwag\u0119 na publikowan\u0105 list\u0119 najpotrzebniejszych rzeczy i w miar\u0119 mo\u017cliwo\u015bci dostarcza\u0107 je do naszych punkt\u00f3w. Na obecn\u0105 chwil\u0119 nie s\u0105 przyjmowane ubrania \u2013 mo\u017ce wkr\u00f3tce si\u0119 to zmieni, gdy uciekinierzy zostan\u0105 zakwaterowani i konieczne b\u0119dzie uzupe\u0142nienie garderoby oraz przedmiot\u00f3w niezb\u0119dnych do funkcjonowania w warunkach domowych.<\/p>\n<p>Jeszcze raz serdeczne dzi\u0119ki wszystkim darczy\u0144com i wolontariuszom, kt\u00f3rzy czekaj\u0105 na dary w wyznaczonych punktach na terenie Gminy Sadowne.<\/p>\n<p><a href=\"http:\/\/info.sadowne.pl\/wp-content\/uploads\/2022\/03\/2022.03.02.3.jpg\"><img loading=\"lazy\" decoding=\"async\" class=\"aligncenter size-full wp-image-25679\" src=\"http:\/\/info.sadowne.pl\/wp-content\/uploads\/2022\/03\/2022.03.02.3.jpg\" alt=\"\" width=\"509\" height=\"720\" srcset=\"https:\/\/info.sadowne.pl\/wp-content\/uploads\/2022\/03\/2022.03.02.3.jpg 509w, https:\/\/info.sadowne.pl\/wp-content\/uploads\/2022\/03\/2022.03.02.3-212x300.jpg 212w\" sizes=\"auto, (max-width: 509px) 100vw, 509px\" \/><\/a><\/p>\n<p><strong>Tekst\/foto:<\/strong> S\u0142awek Chyli\u0144ski<\/p>\n","protected":false},"excerpt":{"rendered":"<p>Gminny O\u015brodek Kultury w Sadownem i Gminna Biblioteka Publiczna w Sadownem czekaj\u0105 na kolejne dary dla ukrai\u0144skich uciekinier\u00f3w. Zbi\u00f3rka, segregowanie i pakowanie ich nadal trwaj\u0105.<\/p>\n","protected":false},"author":1,"featured_media":0,"comment_status":"closed","ping_status":"closed","sticky":false,"template":"","format":"standard","meta":{"footnotes":""},"categories":[5,2149,91,6],"tags":[113,169,3717],"class_list":["post-25676","post","type-post","status-publish","format-standard","hentry","category-newsy","category-gminna-biblioteka-publiczna","category-gminny-osrodek-kultury","category-kultura-rozrywka-edukacja","tag-gminna-biblioteka-publiczna-w-sadownem","tag-gminny-osrodek-kultury-w-sadownem","tag-pomoc-dla-ukrainy"],"views":3153,"_links":{"self":[{"href":"https:\/\/info.sadowne.pl\/index.php?rest_route=\/wp\/v2\/posts\/25676","targetHints":{"allow":["GET"]}}],"collection":[{"href":"https:\/\/info.sadowne.pl\/index.php?rest_route=\/wp\/v2\/posts"}],"about":[{"href":"https:\/\/info.sadowne.pl\/index.php?rest_route=\/wp\/v2\/types\/post"}],"author":[{"embeddable":true,"href":"https:\/\/info.sadowne.pl\/index.php?rest_route=\/wp\/v2\/users\/1"}],"replies":[{"embeddable":true,"href":"https:\/\/info.sadowne.pl\/index.php?rest_route=%2Fwp%2Fv2%2Fcomments&post=25676"}],"version-history":[{"count":1,"href":"https:\/\/info.sadowne.pl\/index.php?rest_route=\/wp\/v2\/posts\/25676\/revisions"}],"predecessor-version":[{"id":25680,"href":"https:\/\/info.sadowne.pl\/index.php?rest_route=\/wp\/v2\/posts\/25676\/revisions\/25680"}],"wp:attachment":[{"href":"https:\/\/info.sadowne.pl\/index.php?rest_route=%2Fwp%2Fv2%2Fmedia&parent=25676"}],"wp:term":[{"taxonomy":"category","embeddable":true,"href":"https:\/\/info.sadowne.pl\/index.php?rest_route=%2Fwp%2Fv2%2Fcategories&post=25676"},{"taxonomy":"post_tag","embeddable":true,"href":"https:\/\/info.sadowne.pl\/index.php?rest_route=%2Fwp%2Fv2%2Ftags&post=25676"}],"curies":[{"name":"wp","href":"https:\/\/api.w.org\/{rel}","templated":true}]}}