{"id":25685,"date":"2022-03-03T12:28:46","date_gmt":"2022-03-03T11:28:46","guid":{"rendered":"http:\/\/info.sadowne.pl\/?p=25685"},"modified":"2022-03-03T12:28:46","modified_gmt":"2022-03-03T11:28:46","slug":"o-meteorycie","status":"publish","type":"post","link":"https:\/\/info.sadowne.pl\/?p=25685","title":{"rendered":"O meteorycie,\u2026"},"content":{"rendered":"<p><strong><a href=\"http:\/\/info.sadowne.pl\/wp-content\/uploads\/2022\/03\/Brok74.jpg\" target=\"_blank\" rel=\"noopener\"><img loading=\"lazy\" decoding=\"async\" class=\"alignleft wp-image-25686 size-thumbnail\" src=\"http:\/\/info.sadowne.pl\/wp-content\/uploads\/2022\/03\/Brok74-180x130.jpg\" alt=\"\" width=\"180\" height=\"130\" \/><\/a>\u2026o Bugu pod Ma\u0142kini\u0105 i raz jeszcze o ko\u015bciele w Kamie\u0144czyku.<\/strong><!--more--><\/p>\n<p>Dzisiaj opracowanie pod znakiem nauki. Pierwszy artyku\u0142 dotyczy meteorytu, kt\u00f3rego pojawienie si\u0119 (podobnie jak komety), jest wed\u0142ug wielu zapowiedzi\u0105 nadchodz\u0105cych kl\u0119sk: morowego powietrza, g\u0142odu, n\u0119dzy, wojny i wszelkich innych nieszcz\u0119\u015b\u0107 dr\u0119cz\u0105cych ludzko\u015b\u0107 od zarania jej dziej\u00f3w.<\/p>\n<p>Przybycie takiego ogoniastego, wyj\u0105tkowo przera\u017caj\u0105cego, piekielnego, a zarazem fascynuj\u0105cego go\u015bcia obserwowali nasi przodkowie wieczorem 30 stycznia 1868 r. Strach ogarn\u0105\u0142 ludzi, a wielu na widok potwora pad\u0142o na kolana, modli\u0107 si\u0119 zacz\u0119\u0142o \u017carliwie i grzechy swe wyznawa\u0142o, bo przecie\u017c wiadomo by\u0142o, \u017ce jak owo dziwo ogonem machnie, to koniec \u015bwiata nastanie. Co\u015b tam w g\u0142\u0119bi duszy podpowiada nam, \u017ce takie wyja\u015bnienie kosmicznego fenomenu mo\u017ce odpowiada\u0107 prawdzie, ale \u017ce nasz\u0105 zasad\u0105 jest\u00a0<em>primum non nocere<\/em>, wi\u0119c zabobon\u00f3w szerzy\u0107 nie mo\u017cemy i dla wyt\u0142umaczenia opisywanego zjawiska si\u0119gniemy do literatury i nauki.<\/p>\n<p><strong>Wi\u0119cej na stronie <span style=\"color: #0000ff;\"><a style=\"color: #0000ff;\" href=\"https:\/\/madzelan.cba.pl\/o-meteorycie-o-bugu-pod-malkinia-i-raz-jeszcze-o-kosciele-w-kamienczyku\/\" target=\"_blank\" rel=\"noopener\">https:\/\/madzelan.cba.pl\/o-meteorycie-o-bugu-pod-malkinia-i-raz-jeszcze-o-kosciele-w-kamienczyku\/<\/a><\/span><\/strong><\/p>\n","protected":false},"excerpt":{"rendered":"<p>\u2026o Bugu pod Ma\u0142kini\u0105 i raz jeszcze o ko\u015bciele w Kamie\u0144czyku.<\/p>\n","protected":false},"author":1,"featured_media":0,"comment_status":"closed","ping_status":"closed","sticky":false,"template":"","format":"standard","meta":{"footnotes":""},"categories":[5,3436,31],"tags":[745,101,3004,3681,3631,2956],"class_list":["post-25685","post","type-post","status-publish","format-standard","hentry","category-newsy","category-opowiesci-historie-legendy-brokowskie-i-nie-tylko","category-historia-gminy","tag-brok","tag-historia-gminy-sadowne","tag-jerzy-madzelan","tag-kamienczyk","tag-malkinia","tag-opowiesci-historie-legendy-brokowskie-i-nie-tylko"],"views":1929,"_links":{"self":[{"href":"https:\/\/info.sadowne.pl\/index.php?rest_route=\/wp\/v2\/posts\/25685","targetHints":{"allow":["GET"]}}],"collection":[{"href":"https:\/\/info.sadowne.pl\/index.php?rest_route=\/wp\/v2\/posts"}],"about":[{"href":"https:\/\/info.sadowne.pl\/index.php?rest_route=\/wp\/v2\/types\/post"}],"author":[{"embeddable":true,"href":"https:\/\/info.sadowne.pl\/index.php?rest_route=\/wp\/v2\/users\/1"}],"replies":[{"embeddable":true,"href":"https:\/\/info.sadowne.pl\/index.php?rest_route=%2Fwp%2Fv2%2Fcomments&post=25685"}],"version-history":[{"count":1,"href":"https:\/\/info.sadowne.pl\/index.php?rest_route=\/wp\/v2\/posts\/25685\/revisions"}],"predecessor-version":[{"id":25687,"href":"https:\/\/info.sadowne.pl\/index.php?rest_route=\/wp\/v2\/posts\/25685\/revisions\/25687"}],"wp:attachment":[{"href":"https:\/\/info.sadowne.pl\/index.php?rest_route=%2Fwp%2Fv2%2Fmedia&parent=25685"}],"wp:term":[{"taxonomy":"category","embeddable":true,"href":"https:\/\/info.sadowne.pl\/index.php?rest_route=%2Fwp%2Fv2%2Fcategories&post=25685"},{"taxonomy":"post_tag","embeddable":true,"href":"https:\/\/info.sadowne.pl\/index.php?rest_route=%2Fwp%2Fv2%2Ftags&post=25685"}],"curies":[{"name":"wp","href":"https:\/\/api.w.org\/{rel}","templated":true}]}}