{"id":25702,"date":"2022-03-06T21:28:23","date_gmt":"2022-03-06T20:28:23","guid":{"rendered":"http:\/\/info.sadowne.pl\/?p=25702"},"modified":"2022-03-06T21:28:23","modified_gmt":"2022-03-06T20:28:23","slug":"w-ostrowi-byli-wysoko","status":"publish","type":"post","link":"https:\/\/info.sadowne.pl\/?p=25702","title":{"rendered":"W Ostrowi byli wysoko!"},"content":{"rendered":"<p><strong><a href=\"http:\/\/info.sadowne.pl\/wp-content\/uploads\/2022\/03\/2022.03.06.21.jpg\" target=\"_blank\" rel=\"noopener\"><img loading=\"lazy\" decoding=\"async\" class=\"alignleft wp-image-25703 size-thumbnail\" src=\"http:\/\/info.sadowne.pl\/wp-content\/uploads\/2022\/03\/2022.03.06.21-180x130.jpg\" alt=\"\" width=\"180\" height=\"130\" \/><\/a>6 marca w Ostrowi Mazowieckiej odby\u0142 si\u0119 bieg \u201eTropem Wilczym\u201d \u2013 wydarzenie sportowe maj\u0105ce na celu uczczenie Narodowego Dnia Pami\u0119ci \u017bo\u0142nierzy Wykl\u0119tych. W\u015br\u00f3d zawodnik\u00f3w byli te\u017c nasi mieszka\u0144cy.<\/strong><!--more--><\/p>\n<p><a href=\"http:\/\/info.sadowne.pl\/wp-content\/uploads\/2022\/03\/2022.03.06.22.jpg\" target=\"_blank\" rel=\"noopener\"><img loading=\"lazy\" decoding=\"async\" class=\"alignright wp-image-25704 size-thumbnail\" src=\"http:\/\/info.sadowne.pl\/wp-content\/uploads\/2022\/03\/2022.03.06.22-180x130.jpg\" alt=\"\" width=\"180\" height=\"130\" \/><\/a>Pami\u0119tamy \u201eBieg Grzyma\u0142y\u201d, \u201eNadbu\u017ca\u0144sk\u0105 6\u201d czy \u201eLe\u015bn\u0105 Dych\u0119\u201d i wysokie miejsca w tych biegach Tomasza Ga\u0142\u0105zki z P\u0142atkownicy. Niedzielny bieg w Ostrowi Mazowieckiej odby\u0142 si\u0119 na dystansie 5 km i jak zaprezentowa\u0142 si\u0119 Tomasz? Oczywi\u015bcie stan\u0105\u0142 na najwy\u017cszym stopniu podium \u2013 I miejsce w kategorii \u201eM\u0119\u017cczy\u017ani Open\u201d z czasem 00:18:18.52. Brawo!<\/p>\n<p><a href=\"http:\/\/info.sadowne.pl\/wp-content\/uploads\/2022\/03\/2022.03.06.23.jpg\" target=\"_blank\" rel=\"noopener\"><img loading=\"lazy\" decoding=\"async\" class=\"alignleft wp-image-25705 size-thumbnail\" src=\"http:\/\/info.sadowne.pl\/wp-content\/uploads\/2022\/03\/2022.03.06.23-180x130.jpg\" alt=\"\" width=\"180\" height=\"130\" \/><\/a>Na tym samym dystansie odby\u0142 si\u0119 marsz Nordic Walking i tu na 4 miejscu uplasowa\u0142a si\u0119 reprezentuj\u0105ca \u201eWicher\u201d Sadowne Agata S\u0119dek. Jej czas to 00:40:45.42. Brawa za wysokie miejsce i wytrwa\u0142o\u015b\u0107 w reprezentowaniu nas z dobrymi wynikami w wielu dyscyplinach sportowych.<\/p>\n<p><strong>Tekst:<\/strong> S\u0142awek Chyli\u0144ski<\/p>\n<p><strong>Foto:<\/strong> Ostrowski Portal Internetowy<\/p>\n","protected":false},"excerpt":{"rendered":"<p>6 marca w Ostrowi Mazowieckiej odby\u0142 si\u0119 bieg \u201eTropem Wilczym\u201d \u2013 wydarzenie sportowe maj\u0105ce na celu uczczenie Narodowego Dnia Pami\u0119ci \u017bo\u0142nierzy Wykl\u0119tych. W\u015br\u00f3d zawodnik\u00f3w byli te\u017c nasi mieszka\u0144cy.<\/p>\n","protected":false},"author":1,"featured_media":0,"comment_status":"closed","ping_status":"closed","sticky":false,"template":"","format":"standard","meta":{"footnotes":""},"categories":[5,2135,3627,7],"tags":[2667,3721,3398],"class_list":["post-25702","post","type-post","status-publish","format-standard","hentry","category-newsy","category-bieganie","category-nordic-walking","category-sport","tag-agata-sedek","tag-bieg-tropem-wilczym-w-ostrowi-mazowieckiej","tag-tomasz-galazka"],"views":2126,"_links":{"self":[{"href":"https:\/\/info.sadowne.pl\/index.php?rest_route=\/wp\/v2\/posts\/25702","targetHints":{"allow":["GET"]}}],"collection":[{"href":"https:\/\/info.sadowne.pl\/index.php?rest_route=\/wp\/v2\/posts"}],"about":[{"href":"https:\/\/info.sadowne.pl\/index.php?rest_route=\/wp\/v2\/types\/post"}],"author":[{"embeddable":true,"href":"https:\/\/info.sadowne.pl\/index.php?rest_route=\/wp\/v2\/users\/1"}],"replies":[{"embeddable":true,"href":"https:\/\/info.sadowne.pl\/index.php?rest_route=%2Fwp%2Fv2%2Fcomments&post=25702"}],"version-history":[{"count":1,"href":"https:\/\/info.sadowne.pl\/index.php?rest_route=\/wp\/v2\/posts\/25702\/revisions"}],"predecessor-version":[{"id":25706,"href":"https:\/\/info.sadowne.pl\/index.php?rest_route=\/wp\/v2\/posts\/25702\/revisions\/25706"}],"wp:attachment":[{"href":"https:\/\/info.sadowne.pl\/index.php?rest_route=%2Fwp%2Fv2%2Fmedia&parent=25702"}],"wp:term":[{"taxonomy":"category","embeddable":true,"href":"https:\/\/info.sadowne.pl\/index.php?rest_route=%2Fwp%2Fv2%2Fcategories&post=25702"},{"taxonomy":"post_tag","embeddable":true,"href":"https:\/\/info.sadowne.pl\/index.php?rest_route=%2Fwp%2Fv2%2Ftags&post=25702"}],"curies":[{"name":"wp","href":"https:\/\/api.w.org\/{rel}","templated":true}]}}