{"id":25707,"date":"2022-03-07T14:47:18","date_gmt":"2022-03-07T13:47:18","guid":{"rendered":"http:\/\/info.sadowne.pl\/?p=25707"},"modified":"2022-03-07T14:47:18","modified_gmt":"2022-03-07T13:47:18","slug":"konkurs-2","status":"publish","type":"post","link":"https:\/\/info.sadowne.pl\/?p=25707","title":{"rendered":"Konkurs!"},"content":{"rendered":"<p><strong><a href=\"http:\/\/info.sadowne.pl\/wp-content\/uploads\/2022\/03\/2022.03.07.1.jpg\"><img loading=\"lazy\" decoding=\"async\" class=\"alignleft size-thumbnail wp-image-25708\" src=\"http:\/\/info.sadowne.pl\/wp-content\/uploads\/2022\/03\/2022.03.07.1-180x130.jpg\" alt=\"\" width=\"180\" height=\"130\" \/><\/a>Nadbu\u017ca\u0144ski Park Krajobrazowy zaprasza do udzia\u0142u w konkursie poetyckim \u201ePrzyrodnicze inspiracje z Nadbu\u017ca\u0144skim Parkiem Krajobrazowym w tle\u201d tytu\u0142 tegorocznej edycji brzmi: \u201eOcali\u0107 od zapomnienia\u201d. <\/strong><!--more--><\/p>\n<p>Warunkiem udzia\u0142u w Konkursie Poetyckim jest nades\u0142anie na e-mail Organizatora <strong>npk@parkiotwock.pl<\/strong> utworu poetyckiego niepublikowanego drukiem oraz nienagradzanego w innych konkursach (w tym w konkursach internetowych). Do udzia\u0142u w konkursie zapraszamy dzieci z klas IV-VIII. Zg\u0142oszenia przyjmujemy do <strong>21 marca 2022<\/strong> r<strong>.<\/strong><\/p>\n<p>Wiersze powinny ukazywa\u0107 pi\u0119kny krajobraz wiejskiej przyrody, kt\u00f3ry mo\u017ce niebawem zniknie z krajobrazu Polski.<\/p>\n<p style=\"text-align: center;\">W mojej ojczy\u017anie, do kt\u00f3rej nie wr\u00f3c\u0119,<\/p>\n<p style=\"text-align: center;\">Jest takie le\u015bne jezioro ogromne,<\/p>\n<p style=\"text-align: center;\">Chmury szerokie, rozdarte, cudowne<\/p>\n<p style=\"text-align: center;\">\u00a0Pami\u0119tam, kiedy wzrok za siebie rzuc\u0119.<\/p>\n<p style=\"text-align: center;\">*<\/p>\n<p style=\"text-align: center;\">\u00a0I p\u0142ytkich w\u00f3d szept w jakim\u015b mroku ciemnym,<\/p>\n<p style=\"text-align: center;\">\u00a0I dno, na kt\u00f3rym s\u0105 trawy cierniste,<\/p>\n<p style=\"text-align: center;\">Mew czarnych krzyk, zachod\u00f3w zimnych czerwie\u0144,<\/p>\n<p>Cyranek \u015bwisty w g\u00f3rze porywiste&#8230; (fragment wiersza Cz. Mi\u0142osza \u2013 \u201e W mojej ojczy\u017anie\u201d)<\/p>\n<p><strong>Szczeg\u00f3\u0142y konkursu w regulaminie na stronie <span style=\"color: #0000ff;\"><a style=\"color: #0000ff;\" href=\"https:\/\/parkiotwock.pl\/aktualnosci-mzpk\/konkurs-poetycki-przyrodnicze-inspiracje-z-nadbuzanskim-parkiem-krajobrazowym-w-tle\/\" target=\"_blank\" rel=\"noopener\">https:\/\/parkiotwock.pl\/aktualnosci-mzpk\/konkurs-poetycki-przyrodnicze-inspiracje-z-nadbuzanskim-parkiem-krajobrazowym-w-tle\/<\/a><\/span><\/strong><\/p>\n","protected":false},"excerpt":{"rendered":"<p>Nadbu\u017ca\u0144ski Park Krajobrazowy zaprasza do udzia\u0142u w konkursie poetyckim \u201ePrzyrodnicze inspiracje z Nadbu\u017ca\u0144skim Parkiem Krajobrazowym w tle\u201d tytu\u0142 tegorocznej edycji brzmi: \u201eOcali\u0107 od zapomnienia\u201d.<\/p>\n","protected":false},"author":1,"featured_media":0,"comment_status":"closed","ping_status":"closed","sticky":false,"template":"","format":"standard","meta":{"footnotes":""},"categories":[5,1,3370],"tags":[3722,3169],"class_list":["post-25707","post","type-post","status-publish","format-standard","hentry","category-newsy","category-inne","category-nadbuzanski-park-krajobrazowy","tag-konkurs-przyrodnicze-inspiracje-z-nadbuzanskim-parkiem-krajobrazowym-w-tle","tag-nadbuzanski-park-krajobrazowy"],"views":2123,"_links":{"self":[{"href":"https:\/\/info.sadowne.pl\/index.php?rest_route=\/wp\/v2\/posts\/25707","targetHints":{"allow":["GET"]}}],"collection":[{"href":"https:\/\/info.sadowne.pl\/index.php?rest_route=\/wp\/v2\/posts"}],"about":[{"href":"https:\/\/info.sadowne.pl\/index.php?rest_route=\/wp\/v2\/types\/post"}],"author":[{"embeddable":true,"href":"https:\/\/info.sadowne.pl\/index.php?rest_route=\/wp\/v2\/users\/1"}],"replies":[{"embeddable":true,"href":"https:\/\/info.sadowne.pl\/index.php?rest_route=%2Fwp%2Fv2%2Fcomments&post=25707"}],"version-history":[{"count":1,"href":"https:\/\/info.sadowne.pl\/index.php?rest_route=\/wp\/v2\/posts\/25707\/revisions"}],"predecessor-version":[{"id":25709,"href":"https:\/\/info.sadowne.pl\/index.php?rest_route=\/wp\/v2\/posts\/25707\/revisions\/25709"}],"wp:attachment":[{"href":"https:\/\/info.sadowne.pl\/index.php?rest_route=%2Fwp%2Fv2%2Fmedia&parent=25707"}],"wp:term":[{"taxonomy":"category","embeddable":true,"href":"https:\/\/info.sadowne.pl\/index.php?rest_route=%2Fwp%2Fv2%2Fcategories&post=25707"},{"taxonomy":"post_tag","embeddable":true,"href":"https:\/\/info.sadowne.pl\/index.php?rest_route=%2Fwp%2Fv2%2Ftags&post=25707"}],"curies":[{"name":"wp","href":"https:\/\/api.w.org\/{rel}","templated":true}]}}