{"id":25726,"date":"2022-03-09T15:05:55","date_gmt":"2022-03-09T14:05:55","guid":{"rendered":"http:\/\/info.sadowne.pl\/?p=25726"},"modified":"2022-03-09T15:05:55","modified_gmt":"2022-03-09T14:05:55","slug":"11th-polish-fighters-camp","status":"publish","type":"post","link":"https:\/\/info.sadowne.pl\/?p=25726","title":{"rendered":"11th POLISH FIGHTERS CAMP"},"content":{"rendered":"<p><strong><a href=\"http:\/\/info.sadowne.pl\/wp-content\/uploads\/2022\/03\/2022.03.09.1.jpg\" target=\"_blank\" rel=\"noopener\"><img loading=\"lazy\" decoding=\"async\" class=\"alignleft wp-image-25727 size-thumbnail\" src=\"http:\/\/info.sadowne.pl\/wp-content\/uploads\/2022\/03\/2022.03.09.1-180x130.jpg\" alt=\"\" width=\"180\" height=\"130\" \/><\/a>W dniach 25-27 lutego instruktor Brokowskiego Klubu Karate Kyokushinkai uczestniczy\u0142 w mi\u0119dzynarodowym obozie 11th POLISH FIGHTERS CAMP w Na\u0142\u0119czowie. <\/strong><!--more--><\/p>\n<p><a href=\"http:\/\/info.sadowne.pl\/wp-content\/uploads\/2022\/03\/2022.03.09.2.jpg\" target=\"_blank\" rel=\"noopener\"><img loading=\"lazy\" decoding=\"async\" class=\"alignright wp-image-25728 size-thumbnail\" src=\"http:\/\/info.sadowne.pl\/wp-content\/uploads\/2022\/03\/2022.03.09.2-180x130.jpg\" alt=\"\" width=\"180\" height=\"130\" \/><\/a>Zgrupowanie zgromadzi\u0142o 400 karatek\u00f3w z 6 kraj\u00f3w. Przez trzy dni mieli\u015bmy okazj\u0119 trenowa\u0107 pod okiem sensei Alejandro Navarro z Hiszpanii &#8211; legendy \u015bwiatowego karate, Mistrza \u015awiata i wielokrotnego Mistrza Europy.<\/p>\n<p><strong>Tekst\/foto:<\/strong> Zbigniew W\u00f3jcicki<\/p>\n","protected":false},"excerpt":{"rendered":"<p>W dniach 25-27 lutego instruktor Brokowskiego Klubu Karate Kyokushinkai uczestniczy\u0142 w mi\u0119dzynarodowym obozie 11th POLISH FIGHTERS CAMP w Na\u0142\u0119czowie.<\/p>\n","protected":false},"author":1,"featured_media":0,"comment_status":"closed","ping_status":"closed","sticky":false,"template":"","format":"standard","meta":{"footnotes":""},"categories":[5,2029,7],"tags":[3725,794,2030],"class_list":["post-25726","post","type-post","status-publish","format-standard","hentry","category-newsy","category-karate","category-sport","tag-11th-polish-fighters-camp","tag-brokowski-klub-karate-kyokushinkai","tag-zbigniew-wojcicki"],"views":1940,"_links":{"self":[{"href":"https:\/\/info.sadowne.pl\/index.php?rest_route=\/wp\/v2\/posts\/25726","targetHints":{"allow":["GET"]}}],"collection":[{"href":"https:\/\/info.sadowne.pl\/index.php?rest_route=\/wp\/v2\/posts"}],"about":[{"href":"https:\/\/info.sadowne.pl\/index.php?rest_route=\/wp\/v2\/types\/post"}],"author":[{"embeddable":true,"href":"https:\/\/info.sadowne.pl\/index.php?rest_route=\/wp\/v2\/users\/1"}],"replies":[{"embeddable":true,"href":"https:\/\/info.sadowne.pl\/index.php?rest_route=%2Fwp%2Fv2%2Fcomments&post=25726"}],"version-history":[{"count":1,"href":"https:\/\/info.sadowne.pl\/index.php?rest_route=\/wp\/v2\/posts\/25726\/revisions"}],"predecessor-version":[{"id":25729,"href":"https:\/\/info.sadowne.pl\/index.php?rest_route=\/wp\/v2\/posts\/25726\/revisions\/25729"}],"wp:attachment":[{"href":"https:\/\/info.sadowne.pl\/index.php?rest_route=%2Fwp%2Fv2%2Fmedia&parent=25726"}],"wp:term":[{"taxonomy":"category","embeddable":true,"href":"https:\/\/info.sadowne.pl\/index.php?rest_route=%2Fwp%2Fv2%2Fcategories&post=25726"},{"taxonomy":"post_tag","embeddable":true,"href":"https:\/\/info.sadowne.pl\/index.php?rest_route=%2Fwp%2Fv2%2Ftags&post=25726"}],"curies":[{"name":"wp","href":"https:\/\/api.w.org\/{rel}","templated":true}]}}