{"id":25731,"date":"2022-03-10T16:04:50","date_gmt":"2022-03-10T15:04:50","guid":{"rendered":"http:\/\/info.sadowne.pl\/?p=25731"},"modified":"2022-03-10T16:04:50","modified_gmt":"2022-03-10T15:04:50","slug":"franciszek-skarpetowski-orzel-z-ostrowi","status":"publish","type":"post","link":"https:\/\/info.sadowne.pl\/?p=25731","title":{"rendered":"FRANCISZEK SKARPETOWSKI \u2013 ORZE\u0141 Z OSTROWI"},"content":{"rendered":"<p><strong><a href=\"http:\/\/info.sadowne.pl\/wp-content\/uploads\/2022\/03\/Brok75.jpg\" target=\"_blank\" rel=\"noopener\"><img loading=\"lazy\" decoding=\"async\" class=\"alignleft wp-image-25732 size-thumbnail\" src=\"http:\/\/info.sadowne.pl\/wp-content\/uploads\/2022\/03\/Brok75-180x130.jpg\" alt=\"\" width=\"180\" height=\"130\" \/><\/a>W niedzielne popo\u0142udnie 19 marca 1939 r. nad d\u0119bli\u0144skim lotniskiem rozleg\u0142 si\u0119 warkot silnik\u00f3w wi\u0119kszej grupy samolot\u00f3w. <\/strong><!--more--><\/p>\n<p>Nikt nie oczekiwa\u0142 przylotu samolot\u00f3w w tak du\u017cej liczbie, w tym dniu i o tej porze, tote\u017c nieliczna tego dnia obs\u0142uga lotniska, dow\u00f3dztwo, instruktorzy oraz s\u0142uchacze Szko\u0142y Podchor\u0105\u017cych Lotnictwa zadzierali g\u0142owy, by zobaczy\u0107, c\u00f3\u017c to za go\u015bcie. Nie by\u0142y to maszyny polskie, a zanim widzowie odczytali znaki rozpoznawcze, przebieg\u0142a im przez g\u0142owy my\u015bl\u2026 to ju\u017c, zacz\u0119\u0142o si\u0119, Hitler najecha\u0142 na Polsk\u0119.<\/p>\n<p>\u2013 To czeskie \u2013 wykrzykn\u0119\u0142o kilku naraz, obdarzonych sokolim wzrokiem podchor\u0105\u017cych.<\/p>\n<p>Czech\u00f3w, kt\u00f3rzy ani my\u015bleli poddawa\u0107 si\u0119 Niemcom, przywitano entuzjastycznie. Przylecieli do Polski, gdy\u017c byli pewni, \u017ce to w\u0142a\u015bnie tutaj przyjdzie im ju\u017c wkr\u00f3tce stawi\u0107 czo\u0142a naje\u017ad\u017acy. Nie byliby jednak Czechami, gdyby spraw nie oceniali racjonalnie. Jeden z nich, Josef Franti\u0161ek przywi\u00f3z\u0142 z sob\u0105 par\u0119 solidnych turystycznych but\u00f3w, bo jak wyja\u015bni\u0142, zapewne nie b\u0119dzie to ostatnia przegrana pozycja, z kt\u00f3rej przyjdzie si\u0119 wycofa\u0107, nim nast\u0105pi zwyci\u0119stwo.<\/p>\n<p><strong>Wi\u0119cej na stronie <span style=\"color: #0000ff;\"><a style=\"color: #0000ff;\" href=\"https:\/\/madzelan.cba.pl\/franciszek-skarpetowski-orzel-z-ostrowi\/\" target=\"_blank\" rel=\"noopener\">https:\/\/madzelan.cba.pl\/franciszek-skarpetowski-orzel-z-ostrowi\/<\/a><\/span><\/strong><\/p>\n","protected":false},"excerpt":{"rendered":"<p>W niedzielne popo\u0142udnie 19 marca 1939 r. nad d\u0119bli\u0144skim lotniskiem rozleg\u0142 si\u0119 warkot silnik\u00f3w wi\u0119kszej grupy samolot\u00f3w.<\/p>\n","protected":false},"author":1,"featured_media":0,"comment_status":"closed","ping_status":"closed","sticky":false,"template":"","format":"standard","meta":{"footnotes":""},"categories":[5,3436,31],"tags":[3726,101,3004,2956],"class_list":["post-25731","post","type-post","status-publish","format-standard","hentry","category-newsy","category-opowiesci-historie-legendy-brokowskie-i-nie-tylko","category-historia-gminy","tag-franciszek-skarpetowski-orzel-z-ostrowi","tag-historia-gminy-sadowne","tag-jerzy-madzelan","tag-opowiesci-historie-legendy-brokowskie-i-nie-tylko"],"views":2254,"_links":{"self":[{"href":"https:\/\/info.sadowne.pl\/index.php?rest_route=\/wp\/v2\/posts\/25731","targetHints":{"allow":["GET"]}}],"collection":[{"href":"https:\/\/info.sadowne.pl\/index.php?rest_route=\/wp\/v2\/posts"}],"about":[{"href":"https:\/\/info.sadowne.pl\/index.php?rest_route=\/wp\/v2\/types\/post"}],"author":[{"embeddable":true,"href":"https:\/\/info.sadowne.pl\/index.php?rest_route=\/wp\/v2\/users\/1"}],"replies":[{"embeddable":true,"href":"https:\/\/info.sadowne.pl\/index.php?rest_route=%2Fwp%2Fv2%2Fcomments&post=25731"}],"version-history":[{"count":1,"href":"https:\/\/info.sadowne.pl\/index.php?rest_route=\/wp\/v2\/posts\/25731\/revisions"}],"predecessor-version":[{"id":25733,"href":"https:\/\/info.sadowne.pl\/index.php?rest_route=\/wp\/v2\/posts\/25731\/revisions\/25733"}],"wp:attachment":[{"href":"https:\/\/info.sadowne.pl\/index.php?rest_route=%2Fwp%2Fv2%2Fmedia&parent=25731"}],"wp:term":[{"taxonomy":"category","embeddable":true,"href":"https:\/\/info.sadowne.pl\/index.php?rest_route=%2Fwp%2Fv2%2Fcategories&post=25731"},{"taxonomy":"post_tag","embeddable":true,"href":"https:\/\/info.sadowne.pl\/index.php?rest_route=%2Fwp%2Fv2%2Ftags&post=25731"}],"curies":[{"name":"wp","href":"https:\/\/api.w.org\/{rel}","templated":true}]}}