{"id":25735,"date":"2022-03-11T14:45:09","date_gmt":"2022-03-11T13:45:09","guid":{"rendered":"http:\/\/info.sadowne.pl\/?p=25735"},"modified":"2022-03-11T14:45:09","modified_gmt":"2022-03-11T13:45:09","slug":"wiersz-z-okienka-ojcze-nasz","status":"publish","type":"post","link":"https:\/\/info.sadowne.pl\/?p=25735","title":{"rendered":"Wiersz z okienka &#8211; &#8222;Ojcze nasz&#8230;&#8221;"},"content":{"rendered":"<p><a href=\"http:\/\/info.sadowne.pl\/wp-content\/uploads\/2022\/03\/2022.03.11.1.jpg\" target=\"_blank\" rel=\"noopener\"><img loading=\"lazy\" decoding=\"async\" class=\"alignleft wp-image-25736 size-thumbnail\" src=\"http:\/\/info.sadowne.pl\/wp-content\/uploads\/2022\/03\/2022.03.11.1-180x130.jpg\" alt=\"\" width=\"180\" height=\"130\" \/><\/a><strong>Dzi\u015b oraz w kolejnych tygodniach prezentowane b\u0119d\u0105 wiersze Karola Wojteczka \u2013 absolwenta LO w Sadownem rocznik 2006 .<\/strong><!--more--><\/p>\n<p style=\"text-align: center;\">*<\/p>\n<p style=\"text-align: center;\">*<\/p>\n<p style=\"text-align: center;\">*<\/p>\n<p style=\"text-align: center;\">*<\/p>\n<p style=\"text-align: center;\"><strong>Ojcze nasz\u2026<\/strong><\/p>\n<p style=\"text-align: center;\">*<\/p>\n<p style=\"text-align: center;\">Ojcze nasz, kt\u00f3ry jeste\u015b w niebie,<\/p>\n<p style=\"text-align: center;\">\u015awi\u0119\u0107 si\u0119 imi\u0119 Twoje, przyjd\u017a Kr\u00f3lestwo Twoje.<\/p>\n<p style=\"text-align: center;\">Ty, do kt\u00f3rego modl\u0119 si\u0119 w potrzebie<\/p>\n<p style=\"text-align: center;\">lub gdy si\u0119 boj\u0119\u2026<\/p>\n<p style=\"text-align: center;\">*<\/p>\n<p style=\"text-align: center;\">Ustan\u00f3w nam dobro i znie\u015b wojny brzemi\u0119,<\/p>\n<p style=\"text-align: center;\">ustan\u00f3w \u0142askawo\u015b\u0107, jak i dar pokoju.<\/p>\n<p style=\"text-align: center;\">Ty, do kt\u00f3rego modl\u0105 si\u0119 w potrzebie<\/p>\n<p style=\"text-align: center;\">lub gdy si\u0119 boj\u0105\u2026<\/p>\n<p style=\"text-align: center;\">*<\/p>\n<p style=\"text-align: center;\">Bo nie ma Boga pr\u00f3cz Ciebie,<\/p>\n<p style=\"text-align: center;\">Mahomet prorokiem jest Twoim.<\/p>\n<p style=\"text-align: center;\">I do Ci\u0119 ka\u017cdy modli si\u0119 w potrzebie<\/p>\n<p style=\"text-align: center;\">lub gdy si\u0119 boi&#8230;<\/p>\n<p style=\"text-align: center;\">*<\/p>\n<p style=\"text-align: center;\">A On przybra\u0142 twarz pe\u0142n\u0105 troski,<\/p>\n<p style=\"text-align: center;\">posmutnia\u0142, cho\u0107 pono\u0107 jest dobry,<\/p>\n<p style=\"text-align: center;\">zrozumia\u0142, \u017ce nie jest wszechmocny,<\/p>\n<p style=\"text-align: center;\">bo nie ma do kogo si\u0119 modli\u0107&#8230;<\/p>\n","protected":false},"excerpt":{"rendered":"<p>Dzi\u015b oraz w kolejnych tygodniach prezentowane b\u0119d\u0105 wiersze Karola Wojteczka \u2013 absolwenta LO w Sadownem rocznik 2006 .<\/p>\n","protected":false},"author":1,"featured_media":0,"comment_status":"closed","ping_status":"closed","sticky":false,"template":"","format":"standard","meta":{"footnotes":""},"categories":[5,48,6,108],"tags":[3727,3669,3728],"class_list":["post-25735","post","type-post","status-publish","format-standard","hentry","category-newsy","category-kacik-literacki","category-kultura-rozrywka-edukacja","category-okienko-poetyckie","tag-karol-wojteczek","tag-okienko-poetyckie","tag-wiersz-ojcze-nasz"],"views":2062,"_links":{"self":[{"href":"https:\/\/info.sadowne.pl\/index.php?rest_route=\/wp\/v2\/posts\/25735","targetHints":{"allow":["GET"]}}],"collection":[{"href":"https:\/\/info.sadowne.pl\/index.php?rest_route=\/wp\/v2\/posts"}],"about":[{"href":"https:\/\/info.sadowne.pl\/index.php?rest_route=\/wp\/v2\/types\/post"}],"author":[{"embeddable":true,"href":"https:\/\/info.sadowne.pl\/index.php?rest_route=\/wp\/v2\/users\/1"}],"replies":[{"embeddable":true,"href":"https:\/\/info.sadowne.pl\/index.php?rest_route=%2Fwp%2Fv2%2Fcomments&post=25735"}],"version-history":[{"count":3,"href":"https:\/\/info.sadowne.pl\/index.php?rest_route=\/wp\/v2\/posts\/25735\/revisions"}],"predecessor-version":[{"id":25739,"href":"https:\/\/info.sadowne.pl\/index.php?rest_route=\/wp\/v2\/posts\/25735\/revisions\/25739"}],"wp:attachment":[{"href":"https:\/\/info.sadowne.pl\/index.php?rest_route=%2Fwp%2Fv2%2Fmedia&parent=25735"}],"wp:term":[{"taxonomy":"category","embeddable":true,"href":"https:\/\/info.sadowne.pl\/index.php?rest_route=%2Fwp%2Fv2%2Fcategories&post=25735"},{"taxonomy":"post_tag","embeddable":true,"href":"https:\/\/info.sadowne.pl\/index.php?rest_route=%2Fwp%2Fv2%2Ftags&post=25735"}],"curies":[{"name":"wp","href":"https:\/\/api.w.org\/{rel}","templated":true}]}}