{"id":25749,"date":"2022-03-14T18:40:59","date_gmt":"2022-03-14T17:40:59","guid":{"rendered":"http:\/\/info.sadowne.pl\/?p=25749"},"modified":"2022-03-14T18:40:59","modified_gmt":"2022-03-14T17:40:59","slug":"kronika-strazacka-07-13-marca-2022","status":"publish","type":"post","link":"https:\/\/info.sadowne.pl\/?p=25749","title":{"rendered":"Kronika stra\u017cacka 07 &#8211; 13 marca 2022"},"content":{"rendered":"<p><strong><a href=\"http:\/\/info.sadowne.pl\/wp-content\/uploads\/2013\/07\/straz3.jpg\"><img loading=\"lazy\" decoding=\"async\" class=\"alignleft size-thumbnail wp-image-2625\" src=\"http:\/\/info.sadowne.pl\/wp-content\/uploads\/2013\/07\/straz3-180x130.jpg\" alt=\"\" width=\"180\" height=\"130\" \/><\/a>W<\/strong> <strong>okresie<\/strong> <strong>od<\/strong><strong> 07 &#8211; 13.03.2022 <\/strong><strong>na<\/strong> <strong>terenie<\/strong> <strong>powiatu<\/strong> <strong>w\u0119growskiego<\/strong> <strong>zanotowano: <\/strong><strong>19 <\/strong><strong>zdarze\u0144,<\/strong> <strong>przy<\/strong> <strong>kt\u00f3rych<\/strong> <strong>interweniowa\u0142y<\/strong> <strong>jednostki<\/strong> <strong>ochrony<\/strong> <strong>przeciwpo\u017carowej, w tym:<\/strong><strong> 13 po\u017car\u00f3w, 5 miejscowych zagro\u017ce\u0144 i 1 alarm fa\u0142szywy.<\/strong><!--more--><\/p>\n<p><strong>08.03.2022 <\/strong>\u2013 <strong>Baczki, gm. \u0141och\u00f3w \u2013 Po\u017car w budynku mieszkalnym.<\/strong><\/p>\n<p>Przyby\u0142e na miejsce zast\u0119py OSP w wyniku rozpoznania stwierdzi\u0142y, \u017ce zapali\u0142o si\u0119 drewno sk\u0142adowane przy kuchni w budynku mieszkalnym. Zast\u0119py poda\u0142y jeden pr\u0105d wody w natarciu doprowadzaj\u0105c do lokalizacji po\u017caru. Nast\u0119pnie nadpalone drewno wyniesiono na zewn\u0105trz i tam dogaszono, a mieszkanie przewietrzono. Na tym dzia\u0142ania zast\u0119p\u00f3w zosta\u0142y zako\u0144czone.<strong>\u00a0<\/strong><\/p>\n<p><strong>08.03.2022 <\/strong>\u2013 <strong>\u0141ojew, gm. \u0141och\u00f3w DK-50 \u2013 Wypadek drogowy.<\/strong><\/p>\n<p>Do wypadku zadysponowano zast\u0119py JRG PSP W\u0119gr\u00f3w oraz OSP Ostr\u00f3wek i \u0141och\u00f3w Fabryczny. Po przybyciu na miejsce zdarzenia pierwszego zast\u0119pu OSP Ostr\u00f3wek i przeprowadzonym rozpoznaniu stra\u017cacy stwierdzili, \u017ce dosz\u0142o do zdarzenia drogowego, wskutek kt\u00f3rego samoch\u00f3d osobowy zderzy\u0142 si\u0119 czo\u0142owo z samochodem ci\u0119\u017carowym. Pojazdy znajdowa\u0142y si\u0119 na pasie drogowym na ko\u0142ach, wewn\u0105trz pojazdu osobowego znajdowa\u0142a si\u0119 jedna osoba (kieruj\u0105cy pojazdem), natomiast kieruj\u0105cy samochodem ci\u0119\u017carowym opu\u015bci\u0142 pojazd przed przybyciem stra\u017cy po\u017carnej. Droga nieprzejezdna. Dzia\u0142ania zast\u0119pu polega\u0142y na zabezpieczeniu miejsca zdarzenia, wykonaniu dost\u0119pu do poszkodowanego. W trakcie prowadzonych dzia\u0142a\u0144 na miejsce przyby\u0142 ZRM, gdzie lekarz stwierdzi\u0142a zgon kierowcy. Zast\u0119py OSP na pro\u015bb\u0119 Policji o\u015bwietla\u0142y teren i pomaga\u0142y w zabezpieczeniu ruchu drogowego do czasu prze\u0142adowania \u0142adunku za pomoc\u0105 d\u017awigu na inny pojazd.<\/p>\n<p><strong>10.03.2022 <\/strong>\u2013 <strong>Krupi\u0144skie, gm. Sadowne \u2013 Po\u017car trawy i zagajnika.<\/strong><\/p>\n<p>Po przybyciu na miejsce zdarzenia pierwszego zast\u0119pu OSP Sadowne, stra\u017cacy stwierdzili, \u017ce pali si\u0119 trawa na \u0142\u0105ce w pobli\u017cu lasu, po\u017car zacz\u0105\u0142 si\u0119 rozprzestrzenia\u0107 w pobliskim zagajniku. Dzia\u0142ania zast\u0119pu polega\u0142y na zabezpieczeniu miejsca zdarzenia oraz podaniu jednego pr\u0105du wody w natarciu na pal\u0105c\u0105 si\u0119 \u015bcio\u0142\u0119 w zagajniku. Na miejsce zdarzenia przeby\u0142 zast\u0119p OSP Zieleniec, kt\u00f3ry wspar\u0142 prowadzone dzia\u0142ania oraz poda\u0142 drugi pr\u0105du wody w natarciu na po\u017car trawy. Prowadzone dzia\u0142ania doprowadzi\u0142y do lokalizacji po\u017caru, nast\u0119pnie przelano po\u017carzysko wod\u0105 doprowadzaj\u0105c do ugaszenia po\u017caru. Na tym dzia\u0142ania zast\u0119p\u00f3w zako\u0144czono.<\/p>\n<p><strong>KP PSP W\u0119gr\u00f3w<\/strong><\/p>\n","protected":false},"excerpt":{"rendered":"<p>W okresie od 07 &#8211; 13.03.2022 na terenie powiatu w\u0119growskiego zanotowano: 19 zdarze\u0144, przy kt\u00f3rych interweniowa\u0142y jednostki ochrony przeciwpo\u017carowej, w tym: 13 po\u017car\u00f3w, 5 miejscowych zagro\u017ce\u0144 i 1 alarm fa\u0142szywy.<\/p>\n","protected":false},"author":1,"featured_media":0,"comment_status":"closed","ping_status":"closed","sticky":false,"template":"","format":"standard","meta":{"footnotes":""},"categories":[5,4,267],"tags":[491,643],"class_list":["post-25749","post","type-post","status-publish","format-standard","hentry","category-newsy","category-policja-straz-pozarna-pogotowie-ratunkowe","category-straz-pozarna-policja-straz-pozarna-pogotowie-ratunkowe","tag-komenda-powiatowa-panstwowej-strazy-pozarnej-w-wegrowie","tag-kronika-strazacka"],"views":2146,"_links":{"self":[{"href":"https:\/\/info.sadowne.pl\/index.php?rest_route=\/wp\/v2\/posts\/25749","targetHints":{"allow":["GET"]}}],"collection":[{"href":"https:\/\/info.sadowne.pl\/index.php?rest_route=\/wp\/v2\/posts"}],"about":[{"href":"https:\/\/info.sadowne.pl\/index.php?rest_route=\/wp\/v2\/types\/post"}],"author":[{"embeddable":true,"href":"https:\/\/info.sadowne.pl\/index.php?rest_route=\/wp\/v2\/users\/1"}],"replies":[{"embeddable":true,"href":"https:\/\/info.sadowne.pl\/index.php?rest_route=%2Fwp%2Fv2%2Fcomments&post=25749"}],"version-history":[{"count":1,"href":"https:\/\/info.sadowne.pl\/index.php?rest_route=\/wp\/v2\/posts\/25749\/revisions"}],"predecessor-version":[{"id":25750,"href":"https:\/\/info.sadowne.pl\/index.php?rest_route=\/wp\/v2\/posts\/25749\/revisions\/25750"}],"wp:attachment":[{"href":"https:\/\/info.sadowne.pl\/index.php?rest_route=%2Fwp%2Fv2%2Fmedia&parent=25749"}],"wp:term":[{"taxonomy":"category","embeddable":true,"href":"https:\/\/info.sadowne.pl\/index.php?rest_route=%2Fwp%2Fv2%2Fcategories&post=25749"},{"taxonomy":"post_tag","embeddable":true,"href":"https:\/\/info.sadowne.pl\/index.php?rest_route=%2Fwp%2Fv2%2Ftags&post=25749"}],"curies":[{"name":"wp","href":"https:\/\/api.w.org\/{rel}","templated":true}]}}