{"id":25759,"date":"2022-03-17T19:25:28","date_gmt":"2022-03-17T18:25:28","guid":{"rendered":"http:\/\/info.sadowne.pl\/?p=25759"},"modified":"2022-03-17T19:27:25","modified_gmt":"2022-03-17T18:27:25","slug":"edwardowi-hermanowi","status":"publish","type":"post","link":"https:\/\/info.sadowne.pl\/?p=25759","title":{"rendered":"Edwardowi Hermanowi\u2026"},"content":{"rendered":"<p><a href=\"http:\/\/info.sadowne.pl\/wp-content\/uploads\/2022\/03\/2022.03.17.2.jpg\" target=\"_blank\" rel=\"noopener\"><img loading=\"lazy\" decoding=\"async\" class=\"alignleft wp-image-25760 size-thumbnail\" src=\"http:\/\/info.sadowne.pl\/wp-content\/uploads\/2022\/03\/2022.03.17.2-180x130.jpg\" alt=\"\" width=\"180\" height=\"130\" \/><\/a><strong>W styczniu 2019 roku informowali\u015bmy o \u015bmierci wieloletniego Dyrektora i Nauczyciela Liceum Og\u00f3lnokszta\u0142c\u0105cym im. W\u0142adys\u0142awa Orkana w Sadownem Pana Edwarda Hermana. Min\u0119\u0142y ju\u017c trzy lata i\u2026<\/strong><!--more--><\/p>\n<p>Po kilku miesi\u0105cach od \u015bmierci Profesora w artykule \u201eWspomnienie o Profesorze Edwardzie Hermanie\u201d, w \u015blad za Stanis\u0142awem Stefanowiczem przekazali\u015bmy Pa\u0144stwu wa\u017cne informacje, cyt.:<\/p>\n<p><em>,,Drogie Kole\u017canki, Drodzy Koledzy, uczniowie Pana Profesora Hermana! Ksi\u0105\u017cka o Profesorze jest ju\u017c wydrukowana! Ju\u017c j\u0105 mamy!<\/em><\/p>\n<p><em>Koszty wydania zosta\u0142y sfinansowane przez uczni\u00f3w Profesora. Wszyscy wsp\u00f3\u0142autorzy, koledzy wsp\u00f3\u0142pracuj\u0105cy i koledzy Profesora otrzymaj\u0105 ja bezp\u0142atnie. Zainteresowani b\u0119d\u0105 mogli kupi\u0107 ksi\u0105\u017ck\u0119 w Sadownem \u2013 jeste\u015bmy w fazie organizacji dystrybucji. Koszty tej fazy dzia\u0142a\u0144 te\u017c pokrywamy sami, natomiast cen\u0119 samej ksi\u0105\u017cki przewidujemy w wysoko\u015bci 40 z\u0142otych. Zak\u0142adamy, \u017ce zyski ze sprzeda\u017cy (200 egzemplarzy), zgromadzone na specjalnym koncie stypendialnym, w ca\u0142o\u015bci przeznaczymy dla uczni\u00f3w naszej szko\u0142y. Na koncie tym znajd\u0105 si\u0119 r\u00f3wnie\u017c pieni\u0105dze pozosta\u0142e na wydanie ksi\u0105\u017cki. Proponujemy, aby stypendium nosi\u0142o nazw\u0119 ,,Stypendium imienia Edwarda Hermana\u201d.<\/em><\/p>\n<p><strong>Chodzi\u0142o oczywi\u015bcie o ksi\u0105\u017ck\u0119 pt. <\/strong><strong>\u201eWspomnieniu o Profesorze Edwardzie Hermanie\u00a0 1938-2019\u201d,<\/strong> kt\u00f3rej dystrybucj\u0119 rozpocz\u0105\u0142 wtedy Zesp\u00f3\u0142 Szk\u00f3\u0142 Ponadpodstawowych w Sadownem i kt\u00f3rej dystrybucja nadal trwa. Pieni\u0105dze pozyskane na przygotowanie kolejnego zjazdu absolwent\u00f3w LO oraz uzyskane ze sprzeda\u017cy ksi\u0105\u017cki postanowiono zgromadzi\u0107 na koncie Rady Rodzic\u00f3w ZSP z przeznaczeniem na specjalne stypendium dla uczni\u00f3w ZSP w Sadownem. I tak zi\u015bci\u0142 si\u0119 pomys\u0142 utworzenia \u201eStypendium imienia Edwarda Hermana\u201d.<\/p>\n<p><strong>Dla zainteresowanych ksi\u0105\u017ck\u0105 i wsparciem konta stypendialnego<\/strong> podajemy oficjaln\u0105 informacj\u0119 ze strony internetowej ZSP Sadowne:<\/p>\n<p><strong><em>Tytu\u0142:<\/em><\/strong><em>\u00a0WSPOMNIENIE O PROFESORZE EDWARDZIE HERMANIE 1938- 2019<\/em><\/p>\n<p><strong><em>Autor:\u00a0<\/em><\/strong><em>Praca zbiorowa &#8211; zebra\u0142 i zredagowa\u0142 Stanis\u0142aw Stefanowicz<\/em><\/p>\n<p><strong><em>Opracowanie j\u0119zykowe:<\/em><\/strong><em>\u00a0Ma\u0142gorzata Marcjanik<\/em><\/p>\n<p><strong><em>Rok wydania:<\/em><\/strong><em>\u00a02019<\/em><\/p>\n<p><strong><em>Cena:\u00a0<\/em><\/strong><em>40 z\u0142<\/em><\/p>\n<p><em>Zainteresowanych nabyciem ksi\u0105\u017cki prosimy o dokonywanie wp\u0142at, ustalonej przez autor\u00f3w kwoty (cena minimalna) na konto Rady Rodzic\u00f3w przy Zespole Szk\u00f3\u0142 Ponadpodstawowych w Sadownem, z dopiskiem ,,Stypendium imienia Edwarda Hermana\u201d<\/em><\/p>\n<p><strong><em>nr konta:<\/em><\/strong><em>\u00a0Powiatowy Bank Sp\u00f3\u0142dzielczy oddzia\u0142 w Sadownem 06 9236 0008 0261 3084 2000 0030<\/em><\/p>\n<p><em>Rada Rodzic\u00f3w przy Zespole Szk\u00f3\u0142 Ponadpodstawowych w Sadownem<\/em><\/p>\n<p><em>Sadowne; ul. Ko\u015bciuszki 74; 07-140 Sadowne<\/em><\/p>\n<p><em>Po dokonaniu wp\u0142aty, ksi\u0105\u017ck\u0119 mo\u017cna odebra\u0107 w sekretariacie naszej szko\u0142y, lub drog\u0105 pocztow\u0105 po wcze\u015bniejszym kontakcie telefonicznym lub mailowym z sekretariatem szko\u0142y.<\/em><\/p>\n<p><strong>A teraz\u2026 mamy 17 marca 2022 roku<\/strong> (trzy lata od \u015bmierci Profesora, ale te\u017c 84. rocznica Jego urodzin i wigilia imienin Edwarda) \u2013 dzie\u0144 realizacji innego pomys\u0142u wychowank\u00f3w Dyrektora: nadanie imienia Profesora Edwarda Hermana jednej z sal lekcyjnych sadowie\u0144skiego Liceum \u2013 sali polonistycznej, zlokalizowanej na I pi\u0119trze budynku szko\u0142y, w kt\u00f3rej (cz\u0119\u015b\u0107 z nas pami\u0119ta) Profesor Herman sp\u0119dzi\u0142 z nami wi\u0119kszo\u015b\u0107 swojego \u017cycia.<\/p>\n<p><strong>Uroczysto\u015b\u0107 po\u0142\u0105czono z przyznaniem i wr\u0119czeniem pierwszego \u201eStypendium imienia Edwarda Hermana\u201d.<\/strong> Po wprowadzeniu do Sali gimnastycznej sztandaru szko\u0142y i od\u015bpiewaniu hymnu pa\u0144stwowego, Dyrektor ZSP w Sadownem p. S\u0142awomir Ryszawa powita\u0142 przyby\u0142ych go\u015bci, absolwent\u00f3w szko\u0142y oraz jej aktualnych i by\u0142ych pedagog\u00f3w, pracownik\u00f3w i uczni\u00f3w. Przedstawi\u0142 te\u017c sylwetk\u0119 Profesora Hermana i okoliczno\u015bci powstania oraz realizacj\u0119 pomys\u0142u utworzenia przedmiotowego Stypendium, a tak\u017ce nadanie imienia Profesora sali polonistycznej, w kt\u00f3rej naucza\u0142 przez wiele lat.<\/p>\n<p><strong>Po wyst\u0105pieniu Dyrektora Ryszawy nast\u0105pi\u0142 najwa\u017cniejszy moment tej uroczysto\u015bci \u2013 wr\u0119czenie pierwszego \u201eStypendium imienia Edwarda Hermana\u201d.<\/strong> W imieniu Kapitu\u0142y Stypendialnej, w sk\u0142ad kt\u00f3rej wchodz\u0105 pomys\u0142odawcy, absolwenci szko\u0142y i jej aktualni pedagodzy, wyst\u0105pi\u0142a p. Maria Nowakowska. Og\u0142osi\u0142a, i\u017c tegoroczne Stypendium otrzyma Weronika Ma\u0142etka \u2013 uczennica klasy III Liceum Og\u00f3lnokszta\u0142c\u0105cego (po gimnazjum), kt\u00f3rej, wg opiniodawc\u00f3w, nietuzinkowa osobowo\u015b\u0107 i praca na rzecz szko\u0142y oraz spo\u0142eczno\u015bci uczniowskiej odpowiada wszelkim kanonom stosowanym, a tak\u017ce tolerowanym &#8211; w dobrym tego s\u0142owa znaczeniu &#8211; przez Profesora Hermana. Do czynno\u015bci wr\u0119czenia Stypendium Pani Maria zaprosi\u0142a pozosta\u0142ych cz\u0142onk\u00f3w Kapitu\u0142y Stypendialnej. Wielkie brawa i gratulacje dla Weroniki \u2013 jak twierdz\u0105 obecni na uroczysto\u015bci, wyb\u00f3r Kapitu\u0142y jest trafny.<\/p>\n<p><strong>Po cz\u0119\u015bci oficjalnej wyprowadzono sztandar szko\u0142y<\/strong>, uczniowie zaprezentowali monta\u017c s\u0142owno \u2013 muzyczny o Edwardzie Hermanie, a uczestnicy spotkania mieli okazj\u0119 powspomina\u0107 o swoim Profesorze, zwracaj\u0105c si\u0119 z Jego przes\u0142aniami do aktualnych uczni\u00f3w Zespo\u0142u Szk\u00f3\u0142 Ponadpodstawowych w Sadownem.<\/p>\n<p><strong>Druga, kr\u00f3tka cz\u0119\u015b\u0107 spotkania odby\u0142a si\u0119 ju\u017c na pierwszym pi\u0119trze szko\u0142y.<\/strong> Tu, przy sali lekcyjnej, pracowni polonistycznej, w kt\u00f3rej uczy\u0142 Profesor Herman, Jego c\u00f3rka Joanna wraz ze swoim wnuczkiem ods\u0142oni\u0142a portret swojego Ojca, a proboszcz ks. Stanis\u0142aw Kunicki odm\u00f3wi\u0142 kr\u00f3tk\u0105 modlitw\u0119 w intencji \u015b. p. Edwarda Hermana. By\u0142o to symboliczne nadanie Jego imienia tej Sali lekcyjnej. A jak ona teraz si\u0119 prezentuje? Niewiele si\u0119 tu zmieni\u0142o odk\u0105d opu\u015bcili\u015bmy mury szko\u0142y, mo\u017cna by\u0142o nawet usi\u0105\u015b\u0107 na swoim miejscu, je\u015bli kto\u015b je zapami\u0119ta\u0142.<\/p>\n<p><strong>Taki by\u0142 przebieg tej uroczysto\u015bci<\/strong> i najwa\u017cniejsze, \u017ce nadal wspominamy Naszego Profesora. Mo\u017cemy jeszcze zg\u0142\u0119bi\u0107 informacje o Jego \u017cyciu i pracy, kt\u00f3re prawie w ca\u0142o\u015bci by\u0142o zwi\u0105zane z Sadownem. W tym celu zach\u0119camy wszystkich do zakupu ksi\u0105\u017cki o Profesorze Edwardzie Hermanie, czym wzbogacimy konto Jego Stypendium. Na pewno by\u0142by Wam wdzi\u0119czny. Ca\u0142o\u015b\u0107 zako\u0144czymy s\u0142owami skierowanymi do Profesora przez p. Stanis\u0142awa Stefanowicza: \u201eProfesorze, na pewno si\u0119 jeszcze spotkamy\u201d.<\/p>\n<p><strong>Zapraszam do obejrzenia fotorelacji z tego wa\u017cnego wydarzenia \u2013 <span style=\"color: #0000ff;\"><a style=\"color: #0000ff;\" href=\"https:\/\/photos.app.goo.gl\/p7TCULCWbmWe6eDL9\" target=\"_blank\" rel=\"noopener\">zdj\u0119cia w galerii Google&gt;&gt;&gt;<\/a><\/span><\/strong><\/p>\n<p><strong>Tekst\/foto:<\/strong> S\u0142awek Chyli\u0144ski<\/p>\n","protected":false},"excerpt":{"rendered":"<p>W styczniu 2019 roku informowali\u015bmy o \u015bmierci wieloletniego Dyrektora i Nauczyciela Liceum Og\u00f3lnokszta\u0142c\u0105cym im. W\u0142adys\u0142awa Orkana w Sadownem Pana Edwarda Hermana. Min\u0119\u0142y ju\u017c trzy lata i\u2026<\/p>\n","protected":false},"author":1,"featured_media":0,"comment_status":"closed","ping_status":"closed","sticky":false,"template":"","format":"standard","meta":{"footnotes":""},"categories":[5,1752,85],"tags":[2997,255,3733,3734,3393,3197],"class_list":["post-25759","post","type-post","status-publish","format-standard","hentry","category-newsy","category-edukacja","category-zsp","tag-edward-herman","tag-slawomir-ryszawa","tag-stypendium-imienia-edwarda-hermana","tag-weronika-maletka","tag-wspomnienie-o-profesorze-hermanie","tag-zespol-szkol-ponadpodstawowych-w-sadownem"],"views":3952,"_links":{"self":[{"href":"https:\/\/info.sadowne.pl\/index.php?rest_route=\/wp\/v2\/posts\/25759","targetHints":{"allow":["GET"]}}],"collection":[{"href":"https:\/\/info.sadowne.pl\/index.php?rest_route=\/wp\/v2\/posts"}],"about":[{"href":"https:\/\/info.sadowne.pl\/index.php?rest_route=\/wp\/v2\/types\/post"}],"author":[{"embeddable":true,"href":"https:\/\/info.sadowne.pl\/index.php?rest_route=\/wp\/v2\/users\/1"}],"replies":[{"embeddable":true,"href":"https:\/\/info.sadowne.pl\/index.php?rest_route=%2Fwp%2Fv2%2Fcomments&post=25759"}],"version-history":[{"count":2,"href":"https:\/\/info.sadowne.pl\/index.php?rest_route=\/wp\/v2\/posts\/25759\/revisions"}],"predecessor-version":[{"id":25762,"href":"https:\/\/info.sadowne.pl\/index.php?rest_route=\/wp\/v2\/posts\/25759\/revisions\/25762"}],"wp:attachment":[{"href":"https:\/\/info.sadowne.pl\/index.php?rest_route=%2Fwp%2Fv2%2Fmedia&parent=25759"}],"wp:term":[{"taxonomy":"category","embeddable":true,"href":"https:\/\/info.sadowne.pl\/index.php?rest_route=%2Fwp%2Fv2%2Fcategories&post=25759"},{"taxonomy":"post_tag","embeddable":true,"href":"https:\/\/info.sadowne.pl\/index.php?rest_route=%2Fwp%2Fv2%2Ftags&post=25759"}],"curies":[{"name":"wp","href":"https:\/\/api.w.org\/{rel}","templated":true}]}}